{"id":377,"date":"2025-08-07T17:52:28","date_gmt":"2025-08-07T15:52:28","guid":{"rendered":"https:\/\/mvknunningen.ch\/?p=377"},"modified":"2025-08-07T17:52:29","modified_gmt":"2025-08-07T15:52:29","slug":"rueckblick-11-musiktag-schwarzbubenland-in-nunningen","status":"publish","type":"post","link":"https:\/\/mvknunningen.ch\/?p=377","title":{"rendered":"R\u00fcckblick 11. Musiktag Schwarzbubenland in Nunningen"},"content":{"rendered":"\n<p>Der 11. Musiktag Schwarzbubenland ist Geschichte. Was geblieben ist, sind viele Erinnerungen an schweisstreibende Momente.<\/p>\n\n\n\n<p>Genau zum Zeitpunkt des Festaufbaus erreichte uns ein Sommerhoch mit hohen Temperaturen. Das machte den Aufbau des Festzeltes und die vielen Transporte einfacher.<\/p>\n\n\n\n<p>Der Musiktag selber war der erste richtige Hitzetag des Sommers. Am meisten gefragt waren die k\u00fchlen Getr\u00e4nke und der k\u00fchlende Schatten der B\u00e4ume.<\/p>\n\n\n\n<p>Genau nach Plan starteten die Wettspielvortr\u00e4ge um 9.20 Uhr. Wurden einige Musikantinnen und Musikanten der Morgenvereine noch von der Sonne geblendet, erwartete die Musizierenden am Nachmittag daf\u00fcr eine aufgeheizte Halle. Doch laut Experten konnte weder das eine noch das andere die Vereine von sehr guten musikalischen Vortr\u00e4gen abhalten.&nbsp;<\/p>\n\n\n\n<p>Der Empfang der Vereine unter den Lindenb\u00e4umen wurde durch die Musikgesellschaft Fehren festlich umrahmt.<\/p>\n\n\n\n<p>Ganz herzlich wurde der Gastverein Holderbank begr\u00fcsst. Diese aufgestellte und fr\u00f6hliche Schar sorgte im Laufe des Tages f\u00fcr viele lustige Begebenheiten und fand erst sp\u00e4t in der Nacht den Weg zur\u00fcck nach Hause.<\/p>\n\n\n\n<p>Nach einem feinen Mittagessen mit vielen erfrischenden Salaten, gingen am Nachmittag die Wettspiele planm\u00e4ssig weiter. Um 16.00 Uhr war auch dieser Teil des Musiktages zu Ende. Doch f\u00fcr die Organisatoren bedeutete das schnell alles umbauen, damit die Marschmusikparade durchs Dorf genau um 17.02 starten konnte und f\u00fcr die anschliessende Veteranenehrung auf der B\u00fchne alles bereit stand.&nbsp;<\/p>\n\n\n\n<p>Mit den Tambouren aus Laufen startete die Parade p\u00fcnktlich. Das Musizieren auf dem Asphalt und in Uniform gab Durst. Da kam das Bier und Wasserzelt am Strassenrand wie gerufen.<\/p>\n\n\n\n<p>Zur Ehrung der 24 Veteraninnen und Veteranen trafen sich anschliessend&nbsp;&nbsp;Vertreterinnen und Vertreter aller Vereine in der Hofackerhalle und lauschten den Kl\u00e4ngen des Musikvereins Kleinl\u00fctzel, der ein Festhallenkonzert zum Besten gab.&nbsp;&nbsp;Der Festakt wurde er\u00f6ffnet mit dem Einzug der Fahnen, den die Musikgesellschaft Nuglar- St. Pantaleon begleitete. Viele Musikantinnen und Musikanten hatten leider zu dieser Zeit den Heimweg schon angetreten. Doch alle diejenigen, die in der Halle waren, bereiteten ihren Veteraninnen und Veteranen w\u00fcrdige musikalische Ehrungen. Erschwil und Holderbank zeigten dabei auch ihr grosses Gesangstalent. Ein sch\u00f6ner Moment und ein Zeichen des Dankes f\u00fcr die vielen Jahre im Diente der Musikvereine.<\/p>\n\n\n\n<p>Nach dem Festakt leerte sich die Halle schnell und die G\u00e4ste str\u00f6mten nach draussen in den Schatten der B\u00e4ume. Schon nach kurzer Zeit stellte sich die Liveband \u00abStreet Bandits\u00bb mitten unter die Festbesucherinnen und Besucher und begann zu spielen. Mit ihrer ausdruckstarken Spielweise und ihrem grossen musikalischen K\u00f6nnen zogen sie sofort alle in ihren Bann und verbreiteten eine sagenhafte Stimmung.<\/p>\n\n\n\n<p>Das war der erste Moment, in dem es den Organisatorinnen und Organisatoren gelang herunterzufahren und zu geniessen. Der Abend wurde k\u00fchler und viele G\u00e4ste lauschten noch lange der tollen Musik und liessen sich m\u00fcde, aber zufrieden zu morgendlicher Stunde zu ihrem Auto zur\u00fcck oder direkt nach Hause fahren.<\/p>\n\n\n\n<p>Das OK und der Musikverein Nunningen danken den vielen Helferinnen und Helfern f\u00fcr ihren Einsatz, den Musikantinnen und Musikanten f\u00fcr ihr Wohlwollen und allen Sponsorinnen und Sponsoren, besonders unseren Hauptsponsoren Volont\u00e9 AG und Raiffeisen, f\u00fcr ihre finanzielle Unterst\u00fctzung. Ein riesiges Dankesch\u00f6n geht auch an die Partner&nbsp;&nbsp;der Musikantinnen des Musikvereins Nunningen. Sie haben uns tatkr\u00e4ftig und mit vollem Einsatz unterst\u00fctzt. Ein besonderes Danke an Andr\u00e9 Gasser, der uns seinen Bus f\u00fcr den Shuttledienst zur Verf\u00fcgung gestellt hat und bei etlichen Transporten und Arbeiten stets mitangepackt hat.<\/p>\n\n\n\n<p>Danke auch an die Kirchgemeinde Oberkirch und an Willi H\u00e4nggi aus dem Roderis, die uns erlaubt haben auf ihren Parkpl\u00e4tzen und ihrem Land zu parkieren.<\/p>\n\n\n\n<p>Danke an die Gemeinde f\u00fcr das zur Verf\u00fcgung stellen der Infrastruktur und allen Lehrkr\u00e4ften und den Mitarbeitern des Werkhofs f\u00fcr ihre unkomplizierte Unterst\u00fctzung.<\/p>\n\n\n\n<p>Und zum Schluss danke an alle, die w\u00e4hrend des Festes in irgendeiner Form R\u00fccksicht nehmen mussten auf zus\u00e4tzlichen Verkehr oder L\u00e4rm und danke allen Besucherinnen und Besuchern des Musiktages.<\/p>\n\n\n\n<p>Hier noch einige Einblicke von unserem sch\u00f6nen Musiktag.<\/p>\n\n\n\n<figure class=\"wp-block-gallery has-nested-images columns-default is-cropped wp-block-gallery-1 is-layout-flex wp-block-gallery-is-layout-flex\">\n<figure class=\"wp-block-image size-large\"><img loading=\"lazy\" decoding=\"async\" width=\"1024\" height=\"768\" data-id=\"378\" src=\"https:\/\/mvknunningen.ch\/wp-content\/uploads\/2025\/08\/P6144887-1024x768.jpg\" alt=\"\" class=\"wp-image-378\" srcset=\"https:\/\/mvknunningen.ch\/wp-content\/uploads\/2025\/08\/P6144887-1024x768.jpg 1024w, https:\/\/mvknunningen.ch\/wp-content\/uploads\/2025\/08\/P6144887-300x225.jpg 300w, https:\/\/mvknunningen.ch\/wp-content\/uploads\/2025\/08\/P6144887-768x576.jpg 768w, https:\/\/mvknunningen.ch\/wp-content\/uploads\/2025\/08\/P6144887-1536x1152.jpg 1536w, https:\/\/mvknunningen.ch\/wp-content\/uploads\/2025\/08\/P6144887-2048x1536.jpg 2048w, https:\/\/mvknunningen.ch\/wp-content\/uploads\/2025\/08\/P6144887-1568x1176.jpg 1568w\" sizes=\"auto, (max-width: 1024px) 100vw, 1024px\" \/><\/figure>\n\n\n\n<figure class=\"wp-block-image size-large\"><img loading=\"lazy\" decoding=\"async\" width=\"1024\" height=\"768\" data-id=\"379\" src=\"https:\/\/mvknunningen.ch\/wp-content\/uploads\/2025\/08\/P6144868-1024x768.jpg\" alt=\"\" class=\"wp-image-379\" srcset=\"https:\/\/mvknunningen.ch\/wp-content\/uploads\/2025\/08\/P6144868-1024x768.jpg 1024w, https:\/\/mvknunningen.ch\/wp-content\/uploads\/2025\/08\/P6144868-300x225.jpg 300w, https:\/\/mvknunningen.ch\/wp-content\/uploads\/2025\/08\/P6144868-768x576.jpg 768w, https:\/\/mvknunningen.ch\/wp-content\/uploads\/2025\/08\/P6144868-1536x1152.jpg 1536w, https:\/\/mvknunningen.ch\/wp-content\/uploads\/2025\/08\/P6144868-2048x1536.jpg 2048w, https:\/\/mvknunningen.ch\/wp-content\/uploads\/2025\/08\/P6144868-1568x1176.jpg 1568w\" sizes=\"auto, (max-width: 1024px) 100vw, 1024px\" \/><\/figure>\n<\/figure>\n\n\n\n<figure class=\"wp-block-gallery has-nested-images columns-default is-cropped wp-block-gallery-2 is-layout-flex wp-block-gallery-is-layout-flex\">\n<figure class=\"wp-block-image size-large\"><img loading=\"lazy\" decoding=\"async\" width=\"1024\" height=\"768\" data-id=\"382\" src=\"https:\/\/mvknunningen.ch\/wp-content\/uploads\/2025\/08\/P6145000-1-1024x768.jpg\" alt=\"\" class=\"wp-image-382\" srcset=\"https:\/\/mvknunningen.ch\/wp-content\/uploads\/2025\/08\/P6145000-1-1024x768.jpg 1024w, https:\/\/mvknunningen.ch\/wp-content\/uploads\/2025\/08\/P6145000-1-300x225.jpg 300w, https:\/\/mvknunningen.ch\/wp-content\/uploads\/2025\/08\/P6145000-1-768x576.jpg 768w, https:\/\/mvknunningen.ch\/wp-content\/uploads\/2025\/08\/P6145000-1-1536x1152.jpg 1536w, https:\/\/mvknunningen.ch\/wp-content\/uploads\/2025\/08\/P6145000-1-2048x1536.jpg 2048w, https:\/\/mvknunningen.ch\/wp-content\/uploads\/2025\/08\/P6145000-1-1568x1176.jpg 1568w\" sizes=\"auto, (max-width: 1024px) 100vw, 1024px\" \/><\/figure>\n\n\n\n<figure class=\"wp-block-image size-large\"><img loading=\"lazy\" decoding=\"async\" width=\"1024\" height=\"768\" data-id=\"383\" src=\"https:\/\/mvknunningen.ch\/wp-content\/uploads\/2025\/08\/P6145036-1024x768.jpg\" alt=\"\" class=\"wp-image-383\" srcset=\"https:\/\/mvknunningen.ch\/wp-content\/uploads\/2025\/08\/P6145036-1024x768.jpg 1024w, https:\/\/mvknunningen.ch\/wp-content\/uploads\/2025\/08\/P6145036-300x225.jpg 300w, https:\/\/mvknunningen.ch\/wp-content\/uploads\/2025\/08\/P6145036-768x576.jpg 768w, https:\/\/mvknunningen.ch\/wp-content\/uploads\/2025\/08\/P6145036-1536x1152.jpg 1536w, https:\/\/mvknunningen.ch\/wp-content\/uploads\/2025\/08\/P6145036-2048x1536.jpg 2048w, https:\/\/mvknunningen.ch\/wp-content\/uploads\/2025\/08\/P6145036-1568x1176.jpg 1568w\" sizes=\"auto, (max-width: 1024px) 100vw, 1024px\" \/><\/figure>\n<\/figure>\n\n\n\n<figure class=\"wp-block-gallery has-nested-images columns-default is-cropped wp-block-gallery-3 is-layout-flex wp-block-gallery-is-layout-flex\">\n<figure class=\"wp-block-image size-large\"><img loading=\"lazy\" decoding=\"async\" width=\"1024\" height=\"768\" data-id=\"386\" src=\"https:\/\/mvknunningen.ch\/wp-content\/uploads\/2025\/08\/P6145108-1-1024x768.jpg\" alt=\"\" class=\"wp-image-386\" srcset=\"https:\/\/mvknunningen.ch\/wp-content\/uploads\/2025\/08\/P6145108-1-1024x768.jpg 1024w, https:\/\/mvknunningen.ch\/wp-content\/uploads\/2025\/08\/P6145108-1-300x225.jpg 300w, https:\/\/mvknunningen.ch\/wp-content\/uploads\/2025\/08\/P6145108-1-768x576.jpg 768w, https:\/\/mvknunningen.ch\/wp-content\/uploads\/2025\/08\/P6145108-1-1536x1152.jpg 1536w, https:\/\/mvknunningen.ch\/wp-content\/uploads\/2025\/08\/P6145108-1-2048x1536.jpg 2048w, https:\/\/mvknunningen.ch\/wp-content\/uploads\/2025\/08\/P6145108-1-1568x1176.jpg 1568w\" sizes=\"auto, (max-width: 1024px) 100vw, 1024px\" \/><\/figure>\n<\/figure>\n\n\n\n<figure class=\"wp-block-gallery has-nested-images columns-default is-cropped wp-block-gallery-4 is-layout-flex wp-block-gallery-is-layout-flex\">\n<figure class=\"wp-block-image size-large\"><img loading=\"lazy\" decoding=\"async\" width=\"768\" height=\"1024\" data-id=\"387\" src=\"https:\/\/mvknunningen.ch\/wp-content\/uploads\/2025\/08\/IMG-20250623-WA0008-1-768x1024.jpg\" alt=\"\" class=\"wp-image-387\" srcset=\"https:\/\/mvknunningen.ch\/wp-content\/uploads\/2025\/08\/IMG-20250623-WA0008-1-768x1024.jpg 768w, https:\/\/mvknunningen.ch\/wp-content\/uploads\/2025\/08\/IMG-20250623-WA0008-1-225x300.jpg 225w, https:\/\/mvknunningen.ch\/wp-content\/uploads\/2025\/08\/IMG-20250623-WA0008-1-1152x1536.jpg 1152w, https:\/\/mvknunningen.ch\/wp-content\/uploads\/2025\/08\/IMG-20250623-WA0008-1.jpg 1500w\" sizes=\"auto, (max-width: 768px) 100vw, 768px\" \/><\/figure>\n\n\n\n<figure class=\"wp-block-image size-large\"><img loading=\"lazy\" decoding=\"async\" width=\"768\" height=\"1024\" data-id=\"388\" src=\"https:\/\/mvknunningen.ch\/wp-content\/uploads\/2025\/08\/IMG-20250623-WA0012-768x1024.jpg\" alt=\"\" class=\"wp-image-388\" srcset=\"https:\/\/mvknunningen.ch\/wp-content\/uploads\/2025\/08\/IMG-20250623-WA0012-768x1024.jpg 768w, https:\/\/mvknunningen.ch\/wp-content\/uploads\/2025\/08\/IMG-20250623-WA0012-225x300.jpg 225w, https:\/\/mvknunningen.ch\/wp-content\/uploads\/2025\/08\/IMG-20250623-WA0012-1152x1536.jpg 1152w, https:\/\/mvknunningen.ch\/wp-content\/uploads\/2025\/08\/IMG-20250623-WA0012.jpg 1500w\" sizes=\"auto, (max-width: 768px) 100vw, 768px\" \/><\/figure>\n<\/figure>\n\n\n\n<figure class=\"wp-block-gallery has-nested-images columns-default is-cropped wp-block-gallery-5 is-layout-flex wp-block-gallery-is-layout-flex\">\n<figure class=\"wp-block-image size-large\"><img loading=\"lazy\" decoding=\"async\" width=\"768\" height=\"1024\" data-id=\"389\" src=\"https:\/\/mvknunningen.ch\/wp-content\/uploads\/2025\/08\/IMG-20250623-WA0017-768x1024.jpg\" alt=\"\" class=\"wp-image-389\" srcset=\"https:\/\/mvknunningen.ch\/wp-content\/uploads\/2025\/08\/IMG-20250623-WA0017-768x1024.jpg 768w, https:\/\/mvknunningen.ch\/wp-content\/uploads\/2025\/08\/IMG-20250623-WA0017-225x300.jpg 225w, https:\/\/mvknunningen.ch\/wp-content\/uploads\/2025\/08\/IMG-20250623-WA0017-1152x1536.jpg 1152w, https:\/\/mvknunningen.ch\/wp-content\/uploads\/2025\/08\/IMG-20250623-WA0017.jpg 1500w\" sizes=\"auto, (max-width: 768px) 100vw, 768px\" \/><\/figure>\n\n\n\n<figure class=\"wp-block-image size-large\"><img loading=\"lazy\" decoding=\"async\" width=\"768\" height=\"1024\" data-id=\"390\" src=\"https:\/\/mvknunningen.ch\/wp-content\/uploads\/2025\/08\/IMG-20250623-WA0018-768x1024.jpg\" alt=\"\" class=\"wp-image-390\" srcset=\"https:\/\/mvknunningen.ch\/wp-content\/uploads\/2025\/08\/IMG-20250623-WA0018-768x1024.jpg 768w, https:\/\/mvknunningen.ch\/wp-content\/uploads\/2025\/08\/IMG-20250623-WA0018-225x300.jpg 225w, https:\/\/mvknunningen.ch\/wp-content\/uploads\/2025\/08\/IMG-20250623-WA0018-1152x1536.jpg 1152w, https:\/\/mvknunningen.ch\/wp-content\/uploads\/2025\/08\/IMG-20250623-WA0018.jpg 1500w\" sizes=\"auto, (max-width: 768px) 100vw, 768px\" \/><\/figure>\n<\/figure>\n\n\n\n<figure class=\"wp-block-image size-large\"><img loading=\"lazy\" decoding=\"async\" width=\"1024\" height=\"768\" src=\"https:\/\/mvknunningen.ch\/wp-content\/uploads\/2025\/08\/P6145117-1024x768.jpg\" alt=\"\" class=\"wp-image-391\" srcset=\"https:\/\/mvknunningen.ch\/wp-content\/uploads\/2025\/08\/P6145117-1024x768.jpg 1024w, https:\/\/mvknunningen.ch\/wp-content\/uploads\/2025\/08\/P6145117-300x225.jpg 300w, https:\/\/mvknunningen.ch\/wp-content\/uploads\/2025\/08\/P6145117-768x576.jpg 768w, https:\/\/mvknunningen.ch\/wp-content\/uploads\/2025\/08\/P6145117-1536x1152.jpg 1536w, https:\/\/mvknunningen.ch\/wp-content\/uploads\/2025\/08\/P6145117-2048x1536.jpg 2048w, https:\/\/mvknunningen.ch\/wp-content\/uploads\/2025\/08\/P6145117-1568x1176.jpg 1568w\" sizes=\"auto, (max-width: 1024px) 100vw, 1024px\" \/><\/figure>\n\n\n\n<figure class=\"wp-block-gallery has-nested-images columns-default is-cropped wp-block-gallery-6 is-layout-flex wp-block-gallery-is-layout-flex\">\n<figure class=\"wp-block-image size-large\"><img loading=\"lazy\" decoding=\"async\" width=\"768\" height=\"1024\" data-id=\"392\" src=\"https:\/\/mvknunningen.ch\/wp-content\/uploads\/2025\/08\/IMG-20250623-WA0007-768x1024.jpg\" alt=\"\" class=\"wp-image-392\" srcset=\"https:\/\/mvknunningen.ch\/wp-content\/uploads\/2025\/08\/IMG-20250623-WA0007-768x1024.jpg 768w, https:\/\/mvknunningen.ch\/wp-content\/uploads\/2025\/08\/IMG-20250623-WA0007-225x300.jpg 225w, https:\/\/mvknunningen.ch\/wp-content\/uploads\/2025\/08\/IMG-20250623-WA0007-1152x1536.jpg 1152w, https:\/\/mvknunningen.ch\/wp-content\/uploads\/2025\/08\/IMG-20250623-WA0007.jpg 1500w\" sizes=\"auto, (max-width: 768px) 100vw, 768px\" \/><\/figure>\n\n\n\n<figure class=\"wp-block-image size-large\"><img loading=\"lazy\" decoding=\"async\" width=\"768\" height=\"1024\" data-id=\"393\" src=\"https:\/\/mvknunningen.ch\/wp-content\/uploads\/2025\/08\/IMG-20250623-WA0003-768x1024.jpg\" alt=\"\" class=\"wp-image-393\" srcset=\"https:\/\/mvknunningen.ch\/wp-content\/uploads\/2025\/08\/IMG-20250623-WA0003-768x1024.jpg 768w, https:\/\/mvknunningen.ch\/wp-content\/uploads\/2025\/08\/IMG-20250623-WA0003-225x300.jpg 225w, https:\/\/mvknunningen.ch\/wp-content\/uploads\/2025\/08\/IMG-20250623-WA0003-1152x1536.jpg 1152w, https:\/\/mvknunningen.ch\/wp-content\/uploads\/2025\/08\/IMG-20250623-WA0003.jpg 1500w\" sizes=\"auto, (max-width: 768px) 100vw, 768px\" \/><\/figure>\n<\/figure>\n\n\n\n<figure class=\"wp-block-image size-large\"><img loading=\"lazy\" decoding=\"async\" width=\"1024\" height=\"768\" src=\"https:\/\/mvknunningen.ch\/wp-content\/uploads\/2025\/08\/IMG-20250623-WA0002-1024x768.jpg\" alt=\"\" class=\"wp-image-394\" srcset=\"https:\/\/mvknunningen.ch\/wp-content\/uploads\/2025\/08\/IMG-20250623-WA0002-1024x768.jpg 1024w, https:\/\/mvknunningen.ch\/wp-content\/uploads\/2025\/08\/IMG-20250623-WA0002-300x225.jpg 300w, https:\/\/mvknunningen.ch\/wp-content\/uploads\/2025\/08\/IMG-20250623-WA0002-768x576.jpg 768w, https:\/\/mvknunningen.ch\/wp-content\/uploads\/2025\/08\/IMG-20250623-WA0002-1536x1152.jpg 1536w, https:\/\/mvknunningen.ch\/wp-content\/uploads\/2025\/08\/IMG-20250623-WA0002-1568x1176.jpg 1568w, https:\/\/mvknunningen.ch\/wp-content\/uploads\/2025\/08\/IMG-20250623-WA0002.jpg 2000w\" sizes=\"auto, (max-width: 1024px) 100vw, 1024px\" \/><\/figure>\n","protected":false},"excerpt":{"rendered":"<p>Der 11. Musiktag Schwarzbubenland ist Geschichte. Was geblieben ist, sind viele Erinnerungen an schweisstreibende Momente. Genau zum Zeitpunkt des Festaufbaus erreichte uns ein Sommerhoch mit hohen Temperaturen. Das machte den Aufbau des Festzeltes und die vielen Transporte einfacher. Der Musiktag selber war der erste richtige Hitzetag des Sommers. Am meisten gefragt waren die k\u00fchlen Getr\u00e4nke<a class=\"more-link\" href=\"https:\/\/mvknunningen.ch\/?p=377\">Continue reading <span class=\"screen-reader-text\">&#171;R\u00fcckblick 11. Musiktag Schwarzbubenland in Nunningen&#187;<\/span><\/a><\/p>\n","protected":false},"author":2,"featured_media":0,"comment_status":"closed","ping_status":"closed","sticky":false,"template":"","format":"standard","meta":{"_jetpack_memberships_contains_paid_content":false,"footnotes":""},"categories":[3],"tags":[],"class_list":["post-377","post","type-post","status-publish","format-standard","hentry","category-startseite","entry"],"yoast_head":"<!-- This site is optimized with the Yoast SEO plugin v27.4 - https:\/\/yoast.com\/product\/yoast-seo-wordpress\/ -->\n<title>R\u00fcckblick 11. Musiktag Schwarzbubenland in Nunningen - MVK Nunningen<\/title>\n<meta name=\"robots\" content=\"index, follow, max-snippet:-1, max-image-preview:large, max-video-preview:-1\" \/>\n<link rel=\"canonical\" href=\"https:\/\/mvknunningen.ch\/?p=377\" \/>\n<meta property=\"og:locale\" content=\"de_DE\" \/>\n<meta property=\"og:type\" content=\"article\" \/>\n<meta property=\"og:title\" content=\"R\u00fcckblick 11. Musiktag Schwarzbubenland in Nunningen - MVK Nunningen\" \/>\n<meta property=\"og:description\" content=\"Der 11. Musiktag Schwarzbubenland ist Geschichte. Was geblieben ist, sind viele Erinnerungen an schweisstreibende Momente. Genau zum Zeitpunkt des Festaufbaus erreichte uns ein Sommerhoch mit hohen Temperaturen. Das machte den Aufbau des Festzeltes und die vielen Transporte einfacher. Der Musiktag selber war der erste richtige Hitzetag des Sommers. Am meisten gefragt waren die k\u00fchlen Getr\u00e4nkeContinue reading &quot;R\u00fcckblick 11. Musiktag Schwarzbubenland in Nunningen&quot;\" \/>\n<meta property=\"og:url\" content=\"https:\/\/mvknunningen.ch\/?p=377\" \/>\n<meta property=\"og:site_name\" content=\"MVK Nunningen\" \/>\n<meta property=\"article:publisher\" content=\"https:\/\/www.facebook.com\/mvknunningen\" \/>\n<meta property=\"article:published_time\" content=\"2025-08-07T15:52:28+00:00\" \/>\n<meta property=\"article:modified_time\" content=\"2025-08-07T15:52:29+00:00\" \/>\n<meta property=\"og:image\" content=\"https:\/\/mvknunningen.ch\/wp-content\/uploads\/2025\/08\/P6144887-scaled.jpg\" \/>\n\t<meta property=\"og:image:width\" content=\"2560\" \/>\n\t<meta property=\"og:image:height\" content=\"1920\" \/>\n\t<meta property=\"og:image:type\" content=\"image\/jpeg\" \/>\n<meta name=\"author\" content=\"Petra Gasser\" \/>\n<meta name=\"twitter:card\" content=\"summary_large_image\" \/>\n<meta name=\"twitter:label1\" content=\"Geschrieben von\" \/>\n\t<meta name=\"twitter:data1\" content=\"Petra Gasser\" \/>\n\t<meta name=\"twitter:label2\" content=\"Gesch\u00e4tzte Lesezeit\" \/>\n\t<meta name=\"twitter:data2\" content=\"7\u00a0Minuten\" \/>\n<script type=\"application\/ld+json\" class=\"yoast-schema-graph\">{\"@context\":\"https:\\\/\\\/schema.org\",\"@graph\":[{\"@type\":\"Article\",\"@id\":\"https:\\\/\\\/mvknunningen.ch\\\/?p=377#article\",\"isPartOf\":{\"@id\":\"https:\\\/\\\/mvknunningen.ch\\\/?p=377\"},\"author\":{\"name\":\"Petra Gasser\",\"@id\":\"https:\\\/\\\/mvknunningen.ch\\\/#\\\/schema\\\/person\\\/eb456f6db539369c10017e2b17a4885c\"},\"headline\":\"R\u00fcckblick 11. Musiktag Schwarzbubenland in Nunningen\",\"datePublished\":\"2025-08-07T15:52:28+00:00\",\"dateModified\":\"2025-08-07T15:52:29+00:00\",\"mainEntityOfPage\":{\"@id\":\"https:\\\/\\\/mvknunningen.ch\\\/?p=377\"},\"wordCount\":683,\"publisher\":{\"@id\":\"https:\\\/\\\/mvknunningen.ch\\\/#organization\"},\"image\":{\"@id\":\"https:\\\/\\\/mvknunningen.ch\\\/?p=377#primaryimage\"},\"thumbnailUrl\":\"https:\\\/\\\/mvknunningen.ch\\\/wp-content\\\/uploads\\\/2025\\\/08\\\/P6144887-1024x768.jpg\",\"articleSection\":[\"Startseite\"],\"inLanguage\":\"de-CH\"},{\"@type\":\"WebPage\",\"@id\":\"https:\\\/\\\/mvknunningen.ch\\\/?p=377\",\"url\":\"https:\\\/\\\/mvknunningen.ch\\\/?p=377\",\"name\":\"R\u00fcckblick 11. Musiktag Schwarzbubenland in Nunningen - MVK Nunningen\",\"isPartOf\":{\"@id\":\"https:\\\/\\\/mvknunningen.ch\\\/#website\"},\"primaryImageOfPage\":{\"@id\":\"https:\\\/\\\/mvknunningen.ch\\\/?p=377#primaryimage\"},\"image\":{\"@id\":\"https:\\\/\\\/mvknunningen.ch\\\/?p=377#primaryimage\"},\"thumbnailUrl\":\"https:\\\/\\\/mvknunningen.ch\\\/wp-content\\\/uploads\\\/2025\\\/08\\\/P6144887-1024x768.jpg\",\"datePublished\":\"2025-08-07T15:52:28+00:00\",\"dateModified\":\"2025-08-07T15:52:29+00:00\",\"breadcrumb\":{\"@id\":\"https:\\\/\\\/mvknunningen.ch\\\/?p=377#breadcrumb\"},\"inLanguage\":\"de-CH\",\"potentialAction\":[{\"@type\":\"ReadAction\",\"target\":[\"https:\\\/\\\/mvknunningen.ch\\\/?p=377\"]}]},{\"@type\":\"ImageObject\",\"inLanguage\":\"de-CH\",\"@id\":\"https:\\\/\\\/mvknunningen.ch\\\/?p=377#primaryimage\",\"url\":\"https:\\\/\\\/mvknunningen.ch\\\/wp-content\\\/uploads\\\/2025\\\/08\\\/P6144887-scaled.jpg\",\"contentUrl\":\"https:\\\/\\\/mvknunningen.ch\\\/wp-content\\\/uploads\\\/2025\\\/08\\\/P6144887-scaled.jpg\",\"width\":2560,\"height\":1920,\"caption\":\"OLYMPUS DIGITAL CAMERA\"},{\"@type\":\"BreadcrumbList\",\"@id\":\"https:\\\/\\\/mvknunningen.ch\\\/?p=377#breadcrumb\",\"itemListElement\":[{\"@type\":\"ListItem\",\"position\":1,\"name\":\"Startseite\",\"item\":\"https:\\\/\\\/mvknunningen.ch\\\/\"},{\"@type\":\"ListItem\",\"position\":2,\"name\":\"R\u00fcckblick 11. Musiktag Schwarzbubenland in Nunningen\"}]},{\"@type\":\"WebSite\",\"@id\":\"https:\\\/\\\/mvknunningen.ch\\\/#website\",\"url\":\"https:\\\/\\\/mvknunningen.ch\\\/\",\"name\":\"MVK\",\"description\":\"\",\"publisher\":{\"@id\":\"https:\\\/\\\/mvknunningen.ch\\\/#organization\"},\"potentialAction\":[{\"@type\":\"SearchAction\",\"target\":{\"@type\":\"EntryPoint\",\"urlTemplate\":\"https:\\\/\\\/mvknunningen.ch\\\/?s={search_term_string}\"},\"query-input\":{\"@type\":\"PropertyValueSpecification\",\"valueRequired\":true,\"valueName\":\"search_term_string\"}}],\"inLanguage\":\"de-CH\"},{\"@type\":\"Organization\",\"@id\":\"https:\\\/\\\/mvknunningen.ch\\\/#organization\",\"name\":\"Musikverein Konkordia Nunningen\",\"url\":\"https:\\\/\\\/mvknunningen.ch\\\/\",\"logo\":{\"@type\":\"ImageObject\",\"inLanguage\":\"de-CH\",\"@id\":\"https:\\\/\\\/mvknunningen.ch\\\/#\\\/schema\\\/logo\\\/image\\\/\",\"url\":\"https:\\\/\\\/mvknunningen.ch\\\/wp-content\\\/uploads\\\/2025\\\/05\\\/cropped-Logo_MVKN.png\",\"contentUrl\":\"https:\\\/\\\/mvknunningen.ch\\\/wp-content\\\/uploads\\\/2025\\\/05\\\/cropped-Logo_MVKN.png\",\"width\":306,\"height\":80,\"caption\":\"Musikverein Konkordia Nunningen\"},\"image\":{\"@id\":\"https:\\\/\\\/mvknunningen.ch\\\/#\\\/schema\\\/logo\\\/image\\\/\"},\"sameAs\":[\"https:\\\/\\\/www.facebook.com\\\/mvknunningen\"]},{\"@type\":\"Person\",\"@id\":\"https:\\\/\\\/mvknunningen.ch\\\/#\\\/schema\\\/person\\\/eb456f6db539369c10017e2b17a4885c\",\"name\":\"Petra Gasser\",\"url\":\"https:\\\/\\\/mvknunningen.ch\\\/?author=2\"}]}<\/script>\n<!-- \/ Yoast SEO plugin. -->","yoast_head_json":{"title":"R\u00fcckblick 11. Musiktag Schwarzbubenland in Nunningen - MVK Nunningen","robots":{"index":"index","follow":"follow","max-snippet":"max-snippet:-1","max-image-preview":"max-image-preview:large","max-video-preview":"max-video-preview:-1"},"canonical":"https:\/\/mvknunningen.ch\/?p=377","og_locale":"de_DE","og_type":"article","og_title":"R\u00fcckblick 11. Musiktag Schwarzbubenland in Nunningen - MVK Nunningen","og_description":"Der 11. Musiktag Schwarzbubenland ist Geschichte. Was geblieben ist, sind viele Erinnerungen an schweisstreibende Momente. Genau zum Zeitpunkt des Festaufbaus erreichte uns ein Sommerhoch mit hohen Temperaturen. Das machte den Aufbau des Festzeltes und die vielen Transporte einfacher. Der Musiktag selber war der erste richtige Hitzetag des Sommers. Am meisten gefragt waren die k\u00fchlen Getr\u00e4nkeContinue reading \"R\u00fcckblick 11. Musiktag Schwarzbubenland in Nunningen\"","og_url":"https:\/\/mvknunningen.ch\/?p=377","og_site_name":"MVK Nunningen","article_publisher":"https:\/\/www.facebook.com\/mvknunningen","article_published_time":"2025-08-07T15:52:28+00:00","article_modified_time":"2025-08-07T15:52:29+00:00","og_image":[{"width":2560,"height":1920,"url":"https:\/\/mvknunningen.ch\/wp-content\/uploads\/2025\/08\/P6144887-scaled.jpg","type":"image\/jpeg"}],"author":"Petra Gasser","twitter_card":"summary_large_image","twitter_misc":{"Geschrieben von":"Petra Gasser","Gesch\u00e4tzte Lesezeit":"7\u00a0Minuten"},"schema":{"@context":"https:\/\/schema.org","@graph":[{"@type":"Article","@id":"https:\/\/mvknunningen.ch\/?p=377#article","isPartOf":{"@id":"https:\/\/mvknunningen.ch\/?p=377"},"author":{"name":"Petra Gasser","@id":"https:\/\/mvknunningen.ch\/#\/schema\/person\/eb456f6db539369c10017e2b17a4885c"},"headline":"R\u00fcckblick 11. Musiktag Schwarzbubenland in Nunningen","datePublished":"2025-08-07T15:52:28+00:00","dateModified":"2025-08-07T15:52:29+00:00","mainEntityOfPage":{"@id":"https:\/\/mvknunningen.ch\/?p=377"},"wordCount":683,"publisher":{"@id":"https:\/\/mvknunningen.ch\/#organization"},"image":{"@id":"https:\/\/mvknunningen.ch\/?p=377#primaryimage"},"thumbnailUrl":"https:\/\/mvknunningen.ch\/wp-content\/uploads\/2025\/08\/P6144887-1024x768.jpg","articleSection":["Startseite"],"inLanguage":"de-CH"},{"@type":"WebPage","@id":"https:\/\/mvknunningen.ch\/?p=377","url":"https:\/\/mvknunningen.ch\/?p=377","name":"R\u00fcckblick 11. Musiktag Schwarzbubenland in Nunningen - MVK Nunningen","isPartOf":{"@id":"https:\/\/mvknunningen.ch\/#website"},"primaryImageOfPage":{"@id":"https:\/\/mvknunningen.ch\/?p=377#primaryimage"},"image":{"@id":"https:\/\/mvknunningen.ch\/?p=377#primaryimage"},"thumbnailUrl":"https:\/\/mvknunningen.ch\/wp-content\/uploads\/2025\/08\/P6144887-1024x768.jpg","datePublished":"2025-08-07T15:52:28+00:00","dateModified":"2025-08-07T15:52:29+00:00","breadcrumb":{"@id":"https:\/\/mvknunningen.ch\/?p=377#breadcrumb"},"inLanguage":"de-CH","potentialAction":[{"@type":"ReadAction","target":["https:\/\/mvknunningen.ch\/?p=377"]}]},{"@type":"ImageObject","inLanguage":"de-CH","@id":"https:\/\/mvknunningen.ch\/?p=377#primaryimage","url":"https:\/\/mvknunningen.ch\/wp-content\/uploads\/2025\/08\/P6144887-scaled.jpg","contentUrl":"https:\/\/mvknunningen.ch\/wp-content\/uploads\/2025\/08\/P6144887-scaled.jpg","width":2560,"height":1920,"caption":"OLYMPUS DIGITAL CAMERA"},{"@type":"BreadcrumbList","@id":"https:\/\/mvknunningen.ch\/?p=377#breadcrumb","itemListElement":[{"@type":"ListItem","position":1,"name":"Startseite","item":"https:\/\/mvknunningen.ch\/"},{"@type":"ListItem","position":2,"name":"R\u00fcckblick 11. Musiktag Schwarzbubenland in Nunningen"}]},{"@type":"WebSite","@id":"https:\/\/mvknunningen.ch\/#website","url":"https:\/\/mvknunningen.ch\/","name":"MVK","description":"","publisher":{"@id":"https:\/\/mvknunningen.ch\/#organization"},"potentialAction":[{"@type":"SearchAction","target":{"@type":"EntryPoint","urlTemplate":"https:\/\/mvknunningen.ch\/?s={search_term_string}"},"query-input":{"@type":"PropertyValueSpecification","valueRequired":true,"valueName":"search_term_string"}}],"inLanguage":"de-CH"},{"@type":"Organization","@id":"https:\/\/mvknunningen.ch\/#organization","name":"Musikverein Konkordia Nunningen","url":"https:\/\/mvknunningen.ch\/","logo":{"@type":"ImageObject","inLanguage":"de-CH","@id":"https:\/\/mvknunningen.ch\/#\/schema\/logo\/image\/","url":"https:\/\/mvknunningen.ch\/wp-content\/uploads\/2025\/05\/cropped-Logo_MVKN.png","contentUrl":"https:\/\/mvknunningen.ch\/wp-content\/uploads\/2025\/05\/cropped-Logo_MVKN.png","width":306,"height":80,"caption":"Musikverein Konkordia Nunningen"},"image":{"@id":"https:\/\/mvknunningen.ch\/#\/schema\/logo\/image\/"},"sameAs":["https:\/\/www.facebook.com\/mvknunningen"]},{"@type":"Person","@id":"https:\/\/mvknunningen.ch\/#\/schema\/person\/eb456f6db539369c10017e2b17a4885c","name":"Petra Gasser","url":"https:\/\/mvknunningen.ch\/?author=2"}]}},"jetpack_featured_media_url":"","jetpack_sharing_enabled":true,"_links":{"self":[{"href":"https:\/\/mvknunningen.ch\/index.php?rest_route=\/wp\/v2\/posts\/377","targetHints":{"allow":["GET"]}}],"collection":[{"href":"https:\/\/mvknunningen.ch\/index.php?rest_route=\/wp\/v2\/posts"}],"about":[{"href":"https:\/\/mvknunningen.ch\/index.php?rest_route=\/wp\/v2\/types\/post"}],"author":[{"embeddable":true,"href":"https:\/\/mvknunningen.ch\/index.php?rest_route=\/wp\/v2\/users\/2"}],"replies":[{"embeddable":true,"href":"https:\/\/mvknunningen.ch\/index.php?rest_route=%2Fwp%2Fv2%2Fcomments&post=377"}],"version-history":[{"count":2,"href":"https:\/\/mvknunningen.ch\/index.php?rest_route=\/wp\/v2\/posts\/377\/revisions"}],"predecessor-version":[{"id":396,"href":"https:\/\/mvknunningen.ch\/index.php?rest_route=\/wp\/v2\/posts\/377\/revisions\/396"}],"wp:attachment":[{"href":"https:\/\/mvknunningen.ch\/index.php?rest_route=%2Fwp%2Fv2%2Fmedia&parent=377"}],"wp:term":[{"taxonomy":"category","embeddable":true,"href":"https:\/\/mvknunningen.ch\/index.php?rest_route=%2Fwp%2Fv2%2Fcategories&post=377"},{"taxonomy":"post_tag","embeddable":true,"href":"https:\/\/mvknunningen.ch\/index.php?rest_route=%2Fwp%2Fv2%2Ftags&post=377"}],"curies":[{"name":"wp","href":"https:\/\/api.w.org\/{rel}","templated":true}]}}