{"id":38,"date":"2025-05-04T19:05:05","date_gmt":"2025-05-04T19:05:05","guid":{"rendered":"https:\/\/mvknunningen.ch\/?p=38"},"modified":"2025-05-04T19:08:17","modified_gmt":"2025-05-04T19:08:17","slug":"11-regionaler-musiktag-schwarzbubenland-in-nunningen-so","status":"publish","type":"post","link":"https:\/\/mvknunningen.ch\/?p=38","title":{"rendered":"11.Regionaler Musiktag Schwarzbubenland in Nunningen (SO)"},"content":{"rendered":"\n<p>Am Samstag, 14.Juni 2025 findet in Nunningen der 11. Musiktag Schwarzbubenland statt.<br>Er wird organisiert f\u00fcr die Musikvereine aus den Bezirken Dorneck und Thierstein.<br>Es gibt zur Zeit noch freie Spielzeiten f\u00fcr Vereine ausserhalb der beiden Bezirke.<\/p>\n\n\n\n<p>Falls euer Verein eine M\u00f6glichkeit sucht, sich beurteilen zu lassen oder ein Festhallenkonzert zu geben, neue Kontakte zu kn\u00fcpfen und mit anderen Musikantinnen und Musikanten einen Tag mit viel Musik zu verbringen, meldet euch bis Ende Januar bei\u00a0K\u00e4thi Grolimund.<\/p>\n\n\n\n<p>Wir freuen uns auf ein tolles Fest! OK Nunningen<\/p>\n\n\n\n<p>Anmeldeschluss ist der 31.1.2025<br>Das Reglement und weitere Informationen findet ihr hier:<\/p>\n\n\n\n<div class=\"wp-block-file\"><a id=\"wp-block-file--media-a8f931c8-1233-45a4-ad87-c20e29efa9ec\" href=\"https:\/\/mvknunningen.ch\/wp-content\/uploads\/2025\/05\/Ablauf-Musiktag.pdf\" target=\"_blank\" rel=\"noreferrer noopener\">Ablauf Musiktag<\/a><a href=\"https:\/\/mvknunningen.ch\/wp-content\/uploads\/2025\/05\/Ablauf-Musiktag.pdf\" class=\"wp-block-file__button wp-element-button\" download aria-describedby=\"wp-block-file--media-a8f931c8-1233-45a4-ad87-c20e29efa9ec\">Herunterladen<\/a><\/div>\n\n\n\n<div class=\"wp-block-file\"><a id=\"wp-block-file--media-19300990-6b4c-4a59-9815-b16ee530e2a8\" href=\"https:\/\/mvknunningen.ch\/wp-content\/uploads\/2025\/05\/2024-09-13-Reglement-Musiktag.pdf\" target=\"_blank\" rel=\"noreferrer noopener\">Reglement Musiktag<\/a><a href=\"https:\/\/mvknunningen.ch\/wp-content\/uploads\/2025\/05\/2024-09-13-Reglement-Musiktag.pdf\" class=\"wp-block-file__button wp-element-button\" download aria-describedby=\"wp-block-file--media-19300990-6b4c-4a59-9815-b16ee530e2a8\">Herunterladen<\/a><\/div>\n","protected":false},"excerpt":{"rendered":"<p>Am Samstag, 14.Juni 2025 findet in Nunningen der 11. Musiktag Schwarzbubenland statt.Er wird organisiert f\u00fcr die Musikvereine aus den Bezirken Dorneck und Thierstein.Es gibt zur Zeit noch freie Spielzeiten f\u00fcr Vereine ausserhalb der beiden Bezirke. Falls euer Verein eine M\u00f6glichkeit sucht, sich beurteilen zu lassen oder ein Festhallenkonzert zu geben, neue Kontakte zu kn\u00fcpfen und<a class=\"more-link\" href=\"https:\/\/mvknunningen.ch\/?p=38\">Continue reading <span class=\"screen-reader-text\">&#171;11.Regionaler Musiktag Schwarzbubenland in Nunningen (SO)&#187;<\/span><\/a><\/p>\n","protected":false},"author":1,"featured_media":44,"comment_status":"open","ping_status":"open","sticky":false,"template":"","format":"standard","meta":{"_jetpack_memberships_contains_paid_content":false,"footnotes":""},"categories":[3],"tags":[],"class_list":["post-38","post","type-post","status-publish","format-standard","has-post-thumbnail","hentry","category-startseite","entry"],"yoast_head":"<!-- This site is optimized with the Yoast SEO plugin v27.4 - https:\/\/yoast.com\/product\/yoast-seo-wordpress\/ -->\n<title>11.Regionaler Musiktag Schwarzbubenland in Nunningen (SO) - MVK Nunningen<\/title>\n<meta name=\"robots\" content=\"index, follow, max-snippet:-1, max-image-preview:large, max-video-preview:-1\" \/>\n<link rel=\"canonical\" href=\"https:\/\/mvknunningen.ch\/?p=38\" \/>\n<meta property=\"og:locale\" content=\"de_DE\" \/>\n<meta property=\"og:type\" content=\"article\" \/>\n<meta property=\"og:title\" content=\"11.Regionaler Musiktag Schwarzbubenland in Nunningen (SO) - MVK Nunningen\" \/>\n<meta property=\"og:description\" content=\"Am Samstag, 14.Juni 2025 findet in Nunningen der 11. Musiktag Schwarzbubenland statt.Er wird organisiert f\u00fcr die Musikvereine aus den Bezirken Dorneck und Thierstein.Es gibt zur Zeit noch freie Spielzeiten f\u00fcr Vereine ausserhalb der beiden Bezirke. Falls euer Verein eine M\u00f6glichkeit sucht, sich beurteilen zu lassen oder ein Festhallenkonzert zu geben, neue Kontakte zu kn\u00fcpfen undContinue reading &quot;11.Regionaler Musiktag Schwarzbubenland in Nunningen (SO)&quot;\" \/>\n<meta property=\"og:url\" content=\"https:\/\/mvknunningen.ch\/?p=38\" \/>\n<meta property=\"og:site_name\" content=\"MVK Nunningen\" \/>\n<meta property=\"article:publisher\" content=\"https:\/\/www.facebook.com\/mvknunningen\" \/>\n<meta property=\"article:published_time\" content=\"2025-05-04T19:05:05+00:00\" \/>\n<meta property=\"article:modified_time\" content=\"2025-05-04T19:08:17+00:00\" \/>\n<meta property=\"og:image\" content=\"https:\/\/mvknunningen.ch\/wp-content\/uploads\/2025\/05\/Logo.jpg\" \/>\n\t<meta property=\"og:image:width\" content=\"1000\" \/>\n\t<meta property=\"og:image:height\" content=\"423\" \/>\n\t<meta property=\"og:image:type\" content=\"image\/jpeg\" \/>\n<meta name=\"author\" content=\"Michael\" \/>\n<meta name=\"twitter:card\" content=\"summary_large_image\" \/>\n<meta name=\"twitter:label1\" content=\"Geschrieben von\" \/>\n\t<meta name=\"twitter:data1\" content=\"Michael\" \/>\n\t<meta name=\"twitter:label2\" content=\"Gesch\u00e4tzte Lesezeit\" \/>\n\t<meta name=\"twitter:data2\" content=\"1\u00a0Minute\" \/>\n<script type=\"application\/ld+json\" class=\"yoast-schema-graph\">{\"@context\":\"https:\\\/\\\/schema.org\",\"@graph\":[{\"@type\":\"Article\",\"@id\":\"https:\\\/\\\/mvknunningen.ch\\\/?p=38#article\",\"isPartOf\":{\"@id\":\"https:\\\/\\\/mvknunningen.ch\\\/?p=38\"},\"author\":{\"name\":\"Michael\",\"@id\":\"https:\\\/\\\/mvknunningen.ch\\\/#\\\/schema\\\/person\\\/1c2f8fca98f146675e229c1d65566544\"},\"headline\":\"11.Regionaler Musiktag Schwarzbubenland in Nunningen (SO)\",\"datePublished\":\"2025-05-04T19:05:05+00:00\",\"dateModified\":\"2025-05-04T19:08:17+00:00\",\"mainEntityOfPage\":{\"@id\":\"https:\\\/\\\/mvknunningen.ch\\\/?p=38\"},\"wordCount\":112,\"commentCount\":0,\"publisher\":{\"@id\":\"https:\\\/\\\/mvknunningen.ch\\\/#organization\"},\"image\":{\"@id\":\"https:\\\/\\\/mvknunningen.ch\\\/?p=38#primaryimage\"},\"thumbnailUrl\":\"https:\\\/\\\/mvknunningen.ch\\\/wp-content\\\/uploads\\\/2025\\\/05\\\/Logo.jpg\",\"articleSection\":[\"Startseite\"],\"inLanguage\":\"de-CH\",\"potentialAction\":[{\"@type\":\"CommentAction\",\"name\":\"Comment\",\"target\":[\"https:\\\/\\\/mvknunningen.ch\\\/?p=38#respond\"]}]},{\"@type\":\"WebPage\",\"@id\":\"https:\\\/\\\/mvknunningen.ch\\\/?p=38\",\"url\":\"https:\\\/\\\/mvknunningen.ch\\\/?p=38\",\"name\":\"11.Regionaler Musiktag Schwarzbubenland in Nunningen (SO) - MVK Nunningen\",\"isPartOf\":{\"@id\":\"https:\\\/\\\/mvknunningen.ch\\\/#website\"},\"primaryImageOfPage\":{\"@id\":\"https:\\\/\\\/mvknunningen.ch\\\/?p=38#primaryimage\"},\"image\":{\"@id\":\"https:\\\/\\\/mvknunningen.ch\\\/?p=38#primaryimage\"},\"thumbnailUrl\":\"https:\\\/\\\/mvknunningen.ch\\\/wp-content\\\/uploads\\\/2025\\\/05\\\/Logo.jpg\",\"datePublished\":\"2025-05-04T19:05:05+00:00\",\"dateModified\":\"2025-05-04T19:08:17+00:00\",\"breadcrumb\":{\"@id\":\"https:\\\/\\\/mvknunningen.ch\\\/?p=38#breadcrumb\"},\"inLanguage\":\"de-CH\",\"potentialAction\":[{\"@type\":\"ReadAction\",\"target\":[\"https:\\\/\\\/mvknunningen.ch\\\/?p=38\"]}]},{\"@type\":\"ImageObject\",\"inLanguage\":\"de-CH\",\"@id\":\"https:\\\/\\\/mvknunningen.ch\\\/?p=38#primaryimage\",\"url\":\"https:\\\/\\\/mvknunningen.ch\\\/wp-content\\\/uploads\\\/2025\\\/05\\\/Logo.jpg\",\"contentUrl\":\"https:\\\/\\\/mvknunningen.ch\\\/wp-content\\\/uploads\\\/2025\\\/05\\\/Logo.jpg\",\"width\":1000,\"height\":423},{\"@type\":\"BreadcrumbList\",\"@id\":\"https:\\\/\\\/mvknunningen.ch\\\/?p=38#breadcrumb\",\"itemListElement\":[{\"@type\":\"ListItem\",\"position\":1,\"name\":\"Startseite\",\"item\":\"https:\\\/\\\/mvknunningen.ch\\\/\"},{\"@type\":\"ListItem\",\"position\":2,\"name\":\"11.Regionaler Musiktag Schwarzbubenland in Nunningen (SO)\"}]},{\"@type\":\"WebSite\",\"@id\":\"https:\\\/\\\/mvknunningen.ch\\\/#website\",\"url\":\"https:\\\/\\\/mvknunningen.ch\\\/\",\"name\":\"MVK\",\"description\":\"\",\"publisher\":{\"@id\":\"https:\\\/\\\/mvknunningen.ch\\\/#organization\"},\"potentialAction\":[{\"@type\":\"SearchAction\",\"target\":{\"@type\":\"EntryPoint\",\"urlTemplate\":\"https:\\\/\\\/mvknunningen.ch\\\/?s={search_term_string}\"},\"query-input\":{\"@type\":\"PropertyValueSpecification\",\"valueRequired\":true,\"valueName\":\"search_term_string\"}}],\"inLanguage\":\"de-CH\"},{\"@type\":\"Organization\",\"@id\":\"https:\\\/\\\/mvknunningen.ch\\\/#organization\",\"name\":\"Musikverein Konkordia Nunningen\",\"url\":\"https:\\\/\\\/mvknunningen.ch\\\/\",\"logo\":{\"@type\":\"ImageObject\",\"inLanguage\":\"de-CH\",\"@id\":\"https:\\\/\\\/mvknunningen.ch\\\/#\\\/schema\\\/logo\\\/image\\\/\",\"url\":\"https:\\\/\\\/mvknunningen.ch\\\/wp-content\\\/uploads\\\/2025\\\/05\\\/cropped-Logo_MVKN.png\",\"contentUrl\":\"https:\\\/\\\/mvknunningen.ch\\\/wp-content\\\/uploads\\\/2025\\\/05\\\/cropped-Logo_MVKN.png\",\"width\":306,\"height\":80,\"caption\":\"Musikverein Konkordia Nunningen\"},\"image\":{\"@id\":\"https:\\\/\\\/mvknunningen.ch\\\/#\\\/schema\\\/logo\\\/image\\\/\"},\"sameAs\":[\"https:\\\/\\\/www.facebook.com\\\/mvknunningen\"]},{\"@type\":\"Person\",\"@id\":\"https:\\\/\\\/mvknunningen.ch\\\/#\\\/schema\\\/person\\\/1c2f8fca98f146675e229c1d65566544\",\"name\":\"Michael\",\"sameAs\":[\"https:\\\/\\\/mvknunningen.ch\"],\"url\":\"https:\\\/\\\/mvknunningen.ch\\\/?author=1\"}]}<\/script>\n<!-- \/ Yoast SEO plugin. -->","yoast_head_json":{"title":"11.Regionaler Musiktag Schwarzbubenland in Nunningen (SO) - MVK Nunningen","robots":{"index":"index","follow":"follow","max-snippet":"max-snippet:-1","max-image-preview":"max-image-preview:large","max-video-preview":"max-video-preview:-1"},"canonical":"https:\/\/mvknunningen.ch\/?p=38","og_locale":"de_DE","og_type":"article","og_title":"11.Regionaler Musiktag Schwarzbubenland in Nunningen (SO) - MVK Nunningen","og_description":"Am Samstag, 14.Juni 2025 findet in Nunningen der 11. Musiktag Schwarzbubenland statt.Er wird organisiert f\u00fcr die Musikvereine aus den Bezirken Dorneck und Thierstein.Es gibt zur Zeit noch freie Spielzeiten f\u00fcr Vereine ausserhalb der beiden Bezirke. Falls euer Verein eine M\u00f6glichkeit sucht, sich beurteilen zu lassen oder ein Festhallenkonzert zu geben, neue Kontakte zu kn\u00fcpfen undContinue reading \"11.Regionaler Musiktag Schwarzbubenland in Nunningen (SO)\"","og_url":"https:\/\/mvknunningen.ch\/?p=38","og_site_name":"MVK Nunningen","article_publisher":"https:\/\/www.facebook.com\/mvknunningen","article_published_time":"2025-05-04T19:05:05+00:00","article_modified_time":"2025-05-04T19:08:17+00:00","og_image":[{"width":1000,"height":423,"url":"https:\/\/mvknunningen.ch\/wp-content\/uploads\/2025\/05\/Logo.jpg","type":"image\/jpeg"}],"author":"Michael","twitter_card":"summary_large_image","twitter_misc":{"Geschrieben von":"Michael","Gesch\u00e4tzte Lesezeit":"1\u00a0Minute"},"schema":{"@context":"https:\/\/schema.org","@graph":[{"@type":"Article","@id":"https:\/\/mvknunningen.ch\/?p=38#article","isPartOf":{"@id":"https:\/\/mvknunningen.ch\/?p=38"},"author":{"name":"Michael","@id":"https:\/\/mvknunningen.ch\/#\/schema\/person\/1c2f8fca98f146675e229c1d65566544"},"headline":"11.Regionaler Musiktag Schwarzbubenland in Nunningen (SO)","datePublished":"2025-05-04T19:05:05+00:00","dateModified":"2025-05-04T19:08:17+00:00","mainEntityOfPage":{"@id":"https:\/\/mvknunningen.ch\/?p=38"},"wordCount":112,"commentCount":0,"publisher":{"@id":"https:\/\/mvknunningen.ch\/#organization"},"image":{"@id":"https:\/\/mvknunningen.ch\/?p=38#primaryimage"},"thumbnailUrl":"https:\/\/mvknunningen.ch\/wp-content\/uploads\/2025\/05\/Logo.jpg","articleSection":["Startseite"],"inLanguage":"de-CH","potentialAction":[{"@type":"CommentAction","name":"Comment","target":["https:\/\/mvknunningen.ch\/?p=38#respond"]}]},{"@type":"WebPage","@id":"https:\/\/mvknunningen.ch\/?p=38","url":"https:\/\/mvknunningen.ch\/?p=38","name":"11.Regionaler Musiktag Schwarzbubenland in Nunningen (SO) - MVK Nunningen","isPartOf":{"@id":"https:\/\/mvknunningen.ch\/#website"},"primaryImageOfPage":{"@id":"https:\/\/mvknunningen.ch\/?p=38#primaryimage"},"image":{"@id":"https:\/\/mvknunningen.ch\/?p=38#primaryimage"},"thumbnailUrl":"https:\/\/mvknunningen.ch\/wp-content\/uploads\/2025\/05\/Logo.jpg","datePublished":"2025-05-04T19:05:05+00:00","dateModified":"2025-05-04T19:08:17+00:00","breadcrumb":{"@id":"https:\/\/mvknunningen.ch\/?p=38#breadcrumb"},"inLanguage":"de-CH","potentialAction":[{"@type":"ReadAction","target":["https:\/\/mvknunningen.ch\/?p=38"]}]},{"@type":"ImageObject","inLanguage":"de-CH","@id":"https:\/\/mvknunningen.ch\/?p=38#primaryimage","url":"https:\/\/mvknunningen.ch\/wp-content\/uploads\/2025\/05\/Logo.jpg","contentUrl":"https:\/\/mvknunningen.ch\/wp-content\/uploads\/2025\/05\/Logo.jpg","width":1000,"height":423},{"@type":"BreadcrumbList","@id":"https:\/\/mvknunningen.ch\/?p=38#breadcrumb","itemListElement":[{"@type":"ListItem","position":1,"name":"Startseite","item":"https:\/\/mvknunningen.ch\/"},{"@type":"ListItem","position":2,"name":"11.Regionaler Musiktag Schwarzbubenland in Nunningen (SO)"}]},{"@type":"WebSite","@id":"https:\/\/mvknunningen.ch\/#website","url":"https:\/\/mvknunningen.ch\/","name":"MVK","description":"","publisher":{"@id":"https:\/\/mvknunningen.ch\/#organization"},"potentialAction":[{"@type":"SearchAction","target":{"@type":"EntryPoint","urlTemplate":"https:\/\/mvknunningen.ch\/?s={search_term_string}"},"query-input":{"@type":"PropertyValueSpecification","valueRequired":true,"valueName":"search_term_string"}}],"inLanguage":"de-CH"},{"@type":"Organization","@id":"https:\/\/mvknunningen.ch\/#organization","name":"Musikverein Konkordia Nunningen","url":"https:\/\/mvknunningen.ch\/","logo":{"@type":"ImageObject","inLanguage":"de-CH","@id":"https:\/\/mvknunningen.ch\/#\/schema\/logo\/image\/","url":"https:\/\/mvknunningen.ch\/wp-content\/uploads\/2025\/05\/cropped-Logo_MVKN.png","contentUrl":"https:\/\/mvknunningen.ch\/wp-content\/uploads\/2025\/05\/cropped-Logo_MVKN.png","width":306,"height":80,"caption":"Musikverein Konkordia Nunningen"},"image":{"@id":"https:\/\/mvknunningen.ch\/#\/schema\/logo\/image\/"},"sameAs":["https:\/\/www.facebook.com\/mvknunningen"]},{"@type":"Person","@id":"https:\/\/mvknunningen.ch\/#\/schema\/person\/1c2f8fca98f146675e229c1d65566544","name":"Michael","sameAs":["https:\/\/mvknunningen.ch"],"url":"https:\/\/mvknunningen.ch\/?author=1"}]}},"jetpack_featured_media_url":"https:\/\/mvknunningen.ch\/wp-content\/uploads\/2025\/05\/Logo.jpg","jetpack_sharing_enabled":true,"_links":{"self":[{"href":"https:\/\/mvknunningen.ch\/index.php?rest_route=\/wp\/v2\/posts\/38","targetHints":{"allow":["GET"]}}],"collection":[{"href":"https:\/\/mvknunningen.ch\/index.php?rest_route=\/wp\/v2\/posts"}],"about":[{"href":"https:\/\/mvknunningen.ch\/index.php?rest_route=\/wp\/v2\/types\/post"}],"author":[{"embeddable":true,"href":"https:\/\/mvknunningen.ch\/index.php?rest_route=\/wp\/v2\/users\/1"}],"replies":[{"embeddable":true,"href":"https:\/\/mvknunningen.ch\/index.php?rest_route=%2Fwp%2Fv2%2Fcomments&post=38"}],"version-history":[{"count":1,"href":"https:\/\/mvknunningen.ch\/index.php?rest_route=\/wp\/v2\/posts\/38\/revisions"}],"predecessor-version":[{"id":41,"href":"https:\/\/mvknunningen.ch\/index.php?rest_route=\/wp\/v2\/posts\/38\/revisions\/41"}],"wp:featuredmedia":[{"embeddable":true,"href":"https:\/\/mvknunningen.ch\/index.php?rest_route=\/wp\/v2\/media\/44"}],"wp:attachment":[{"href":"https:\/\/mvknunningen.ch\/index.php?rest_route=%2Fwp%2Fv2%2Fmedia&parent=38"}],"wp:term":[{"taxonomy":"category","embeddable":true,"href":"https:\/\/mvknunningen.ch\/index.php?rest_route=%2Fwp%2Fv2%2Fcategories&post=38"},{"taxonomy":"post_tag","embeddable":true,"href":"https:\/\/mvknunningen.ch\/index.php?rest_route=%2Fwp%2Fv2%2Ftags&post=38"}],"curies":[{"name":"wp","href":"https:\/\/api.w.org\/{rel}","templated":true}]}}