{"id":408,"date":"2025-09-23T18:00:40","date_gmt":"2025-09-23T16:00:40","guid":{"rendered":"https:\/\/mvknunningen.ch\/?p=408"},"modified":"2025-09-23T18:00:43","modified_gmt":"2025-09-23T16:00:43","slug":"musikreise-2025","status":"publish","type":"post","link":"https:\/\/mvknunningen.ch\/?p=408","title":{"rendered":"Musikreise 2025"},"content":{"rendered":"\n<figure class=\"wp-block-image size-full\"><img loading=\"lazy\" decoding=\"async\" width=\"943\" height=\"706\" src=\"https:\/\/mvknunningen.ch\/wp-content\/uploads\/2025\/09\/Unbenannt.png\" alt=\"\" class=\"wp-image-409\" srcset=\"https:\/\/mvknunningen.ch\/wp-content\/uploads\/2025\/09\/Unbenannt.png 943w, https:\/\/mvknunningen.ch\/wp-content\/uploads\/2025\/09\/Unbenannt-300x225.png 300w, https:\/\/mvknunningen.ch\/wp-content\/uploads\/2025\/09\/Unbenannt-768x575.png 768w\" sizes=\"auto, (max-width: 943px) 100vw, 943px\" \/><\/figure>\n\n\n\n<p>An der GV meldete sich unser F\u00e4hnrich Heinz H\u00e4nggi ganz spontan, als es darum ging, eine Musikreise zu organisieren. Mit einem kleinen Sch\u00f6ggeli wurde auch schon die Richtung verraten.<\/p>\n\n\n\n<p>Knapp 30 Personen besammelten sich am 30.August bei der Post in Nunningen. Die Reise f\u00fchrte uns via Biel nach St. Imier. Je n\u00e4her wir unserem Ziel kamen, desto dunkler wurde der Himmel. Doch wir blieben optimistisch und tats\u00e4chlich, als wir in St. Imier aus dem Zug stiegen, lud Sonnenschein zum Wandern ein.<\/p>\n\n\n\n<p>Nach einer kurzweiligen Wanderung, machten wir Mittagshalt an einem romantischen Wasserlauf. Den meisten reichte die Zeit, um das mitgebrachte Mittagessen bei trockenem Wetter einzunehmen. Doch die etwas exklusiveren Racletteesser schafften es nicht ganz im Trockenen fertig zu essen. Der Regen vermochte die gute Laune nicht zu tr\u00fcben und so wanderten wir weiter Richtung Schoggifabrik.<\/p>\n\n\n\n<p>Da wartete ein Workshop auf uns. Wir konnten unter kundiger Anleitung einer Fachfrau eine Tafel Ragusa-Schokolade herstellen und dabei so viel schlecken wie wir wollten. Da wurde eingef\u00fcllt, gesch\u00fcttelt, geklopft, gestrichen und immer wieder gek\u00fchlt, bis die Tafel aussah wie ein Ragusa, zweifarbig, nussig und glatt.<\/p>\n\n\n\n<p>Auch in der internen Ausstellung, in der wir viel \u00fcber die Geschichte und die Herstellung der Schokolade erfahren konnten, gab es immer wieder Gelegenheiten Schokolade zu probieren. Schon bald hatte man genug von der s\u00fcssen Versuchung und wir waren froh, dass wir die \u00fcbrig gebliebene Schokolade in eine Papiert\u00fcte einpacken und mit nach Hause nehmen durften.<\/p>\n\n\n\n<p>Mit viel Schokolade im Gep\u00e4ck verliessen wir den Jura wieder Richtung Biel- Olten-Liestal.<\/p>\n\n\n\n<p>Bei einem gemeinsamen Abendessen im Restaurant Kreuz liessen wir den gemeinsamen Tag ausklingen. Leider konnte Heinz da, aus gesundheitlichen Gr\u00fcnden, nicht mehr dabei sein.<\/p>\n\n\n\n<p>Ihm geb\u00fchrt ein grosses Dankesch\u00f6n f\u00fcr die Organisation und die, auf die Minuten geplante Reiseleitung.<\/p>\n\n\n\n<p>Es war ein lustiger und sch\u00f6ner Tag.<\/p>\n\n\n\n<figure class=\"wp-block-image size-large\"><img loading=\"lazy\" decoding=\"async\" width=\"1024\" height=\"576\" src=\"https:\/\/mvknunningen.ch\/wp-content\/uploads\/2025\/09\/image-1024x576.png\" alt=\"\" class=\"wp-image-410\" srcset=\"https:\/\/mvknunningen.ch\/wp-content\/uploads\/2025\/09\/image-1024x576.png 1024w, https:\/\/mvknunningen.ch\/wp-content\/uploads\/2025\/09\/image-300x169.png 300w, https:\/\/mvknunningen.ch\/wp-content\/uploads\/2025\/09\/image-768x432.png 768w, https:\/\/mvknunningen.ch\/wp-content\/uploads\/2025\/09\/image-1536x864.png 1536w, https:\/\/mvknunningen.ch\/wp-content\/uploads\/2025\/09\/image-2048x1152.png 2048w, https:\/\/mvknunningen.ch\/wp-content\/uploads\/2025\/09\/image-1568x882.png 1568w\" sizes=\"auto, (max-width: 1024px) 100vw, 1024px\" \/><\/figure>\n\n\n\n<figure class=\"wp-block-gallery has-nested-images columns-default is-cropped wp-block-gallery-1 is-layout-flex wp-block-gallery-is-layout-flex\">\n<figure class=\"wp-block-image size-large\"><img loading=\"lazy\" decoding=\"async\" width=\"454\" height=\"597\" data-id=\"412\" src=\"https:\/\/mvknunningen.ch\/wp-content\/uploads\/2025\/09\/Unbenannt-1.png\" alt=\"\" class=\"wp-image-412\" srcset=\"https:\/\/mvknunningen.ch\/wp-content\/uploads\/2025\/09\/Unbenannt-1.png 454w, https:\/\/mvknunningen.ch\/wp-content\/uploads\/2025\/09\/Unbenannt-1-228x300.png 228w\" sizes=\"auto, (max-width: 454px) 100vw, 454px\" \/><\/figure>\n\n\n\n<figure class=\"wp-block-image size-large\"><img loading=\"lazy\" decoding=\"async\" width=\"449\" height=\"600\" data-id=\"413\" src=\"https:\/\/mvknunningen.ch\/wp-content\/uploads\/2025\/09\/Unbenannt-2.png\" alt=\"\" class=\"wp-image-413\" srcset=\"https:\/\/mvknunningen.ch\/wp-content\/uploads\/2025\/09\/Unbenannt-2.png 449w, https:\/\/mvknunningen.ch\/wp-content\/uploads\/2025\/09\/Unbenannt-2-225x300.png 225w\" sizes=\"auto, (max-width: 449px) 100vw, 449px\" \/><\/figure>\n<\/figure>\n","protected":false},"excerpt":{"rendered":"<p>An der GV meldete sich unser F\u00e4hnrich Heinz H\u00e4nggi ganz spontan, als es darum ging, eine Musikreise zu organisieren. Mit einem kleinen Sch\u00f6ggeli wurde auch schon die Richtung verraten. Knapp 30 Personen besammelten sich am 30.August bei der Post in Nunningen. Die Reise f\u00fchrte uns via Biel nach St. Imier. Je n\u00e4her wir unserem Ziel<a class=\"more-link\" href=\"https:\/\/mvknunningen.ch\/?p=408\">Continue reading <span class=\"screen-reader-text\">&#171;Musikreise 2025&#187;<\/span><\/a><\/p>\n","protected":false},"author":2,"featured_media":409,"comment_status":"closed","ping_status":"closed","sticky":false,"template":"","format":"standard","meta":{"_jetpack_memberships_contains_paid_content":false,"footnotes":""},"categories":[3],"tags":[],"class_list":["post-408","post","type-post","status-publish","format-standard","has-post-thumbnail","hentry","category-startseite","entry"],"yoast_head":"<!-- This site is optimized with the Yoast SEO plugin v27.4 - https:\/\/yoast.com\/product\/yoast-seo-wordpress\/ -->\n<title>Musikreise 2025 - MVK Nunningen<\/title>\n<meta name=\"robots\" content=\"index, follow, max-snippet:-1, max-image-preview:large, max-video-preview:-1\" \/>\n<link rel=\"canonical\" href=\"https:\/\/mvknunningen.ch\/?p=408\" \/>\n<meta property=\"og:locale\" content=\"de_DE\" \/>\n<meta property=\"og:type\" content=\"article\" \/>\n<meta property=\"og:title\" content=\"Musikreise 2025 - MVK Nunningen\" \/>\n<meta property=\"og:description\" content=\"An der GV meldete sich unser F\u00e4hnrich Heinz H\u00e4nggi ganz spontan, als es darum ging, eine Musikreise zu organisieren. Mit einem kleinen Sch\u00f6ggeli wurde auch schon die Richtung verraten. Knapp 30 Personen besammelten sich am 30.August bei der Post in Nunningen. Die Reise f\u00fchrte uns via Biel nach St. Imier. Je n\u00e4her wir unserem ZielContinue reading &quot;Musikreise 2025&quot;\" \/>\n<meta property=\"og:url\" content=\"https:\/\/mvknunningen.ch\/?p=408\" \/>\n<meta property=\"og:site_name\" content=\"MVK Nunningen\" \/>\n<meta property=\"article:publisher\" content=\"https:\/\/www.facebook.com\/mvknunningen\" \/>\n<meta property=\"article:published_time\" content=\"2025-09-23T16:00:40+00:00\" \/>\n<meta property=\"article:modified_time\" content=\"2025-09-23T16:00:43+00:00\" \/>\n<meta property=\"og:image\" content=\"https:\/\/mvknunningen.ch\/wp-content\/uploads\/2025\/09\/Unbenannt.png\" \/>\n\t<meta property=\"og:image:width\" content=\"943\" \/>\n\t<meta property=\"og:image:height\" content=\"706\" \/>\n\t<meta property=\"og:image:type\" content=\"image\/png\" \/>\n<meta name=\"author\" content=\"Petra Gasser\" \/>\n<meta name=\"twitter:card\" content=\"summary_large_image\" \/>\n<meta name=\"twitter:label1\" content=\"Geschrieben von\" \/>\n\t<meta name=\"twitter:data1\" content=\"Petra Gasser\" \/>\n\t<meta name=\"twitter:label2\" content=\"Gesch\u00e4tzte Lesezeit\" \/>\n\t<meta name=\"twitter:data2\" content=\"3\u00a0Minuten\" \/>\n<script type=\"application\/ld+json\" class=\"yoast-schema-graph\">{\"@context\":\"https:\\\/\\\/schema.org\",\"@graph\":[{\"@type\":\"Article\",\"@id\":\"https:\\\/\\\/mvknunningen.ch\\\/?p=408#article\",\"isPartOf\":{\"@id\":\"https:\\\/\\\/mvknunningen.ch\\\/?p=408\"},\"author\":{\"name\":\"Petra Gasser\",\"@id\":\"https:\\\/\\\/mvknunningen.ch\\\/#\\\/schema\\\/person\\\/eb456f6db539369c10017e2b17a4885c\"},\"headline\":\"Musikreise 2025\",\"datePublished\":\"2025-09-23T16:00:40+00:00\",\"dateModified\":\"2025-09-23T16:00:43+00:00\",\"mainEntityOfPage\":{\"@id\":\"https:\\\/\\\/mvknunningen.ch\\\/?p=408\"},\"wordCount\":314,\"publisher\":{\"@id\":\"https:\\\/\\\/mvknunningen.ch\\\/#organization\"},\"image\":{\"@id\":\"https:\\\/\\\/mvknunningen.ch\\\/?p=408#primaryimage\"},\"thumbnailUrl\":\"https:\\\/\\\/mvknunningen.ch\\\/wp-content\\\/uploads\\\/2025\\\/09\\\/Unbenannt.png\",\"articleSection\":[\"Startseite\"],\"inLanguage\":\"de-CH\"},{\"@type\":\"WebPage\",\"@id\":\"https:\\\/\\\/mvknunningen.ch\\\/?p=408\",\"url\":\"https:\\\/\\\/mvknunningen.ch\\\/?p=408\",\"name\":\"Musikreise 2025 - MVK Nunningen\",\"isPartOf\":{\"@id\":\"https:\\\/\\\/mvknunningen.ch\\\/#website\"},\"primaryImageOfPage\":{\"@id\":\"https:\\\/\\\/mvknunningen.ch\\\/?p=408#primaryimage\"},\"image\":{\"@id\":\"https:\\\/\\\/mvknunningen.ch\\\/?p=408#primaryimage\"},\"thumbnailUrl\":\"https:\\\/\\\/mvknunningen.ch\\\/wp-content\\\/uploads\\\/2025\\\/09\\\/Unbenannt.png\",\"datePublished\":\"2025-09-23T16:00:40+00:00\",\"dateModified\":\"2025-09-23T16:00:43+00:00\",\"breadcrumb\":{\"@id\":\"https:\\\/\\\/mvknunningen.ch\\\/?p=408#breadcrumb\"},\"inLanguage\":\"de-CH\",\"potentialAction\":[{\"@type\":\"ReadAction\",\"target\":[\"https:\\\/\\\/mvknunningen.ch\\\/?p=408\"]}]},{\"@type\":\"ImageObject\",\"inLanguage\":\"de-CH\",\"@id\":\"https:\\\/\\\/mvknunningen.ch\\\/?p=408#primaryimage\",\"url\":\"https:\\\/\\\/mvknunningen.ch\\\/wp-content\\\/uploads\\\/2025\\\/09\\\/Unbenannt.png\",\"contentUrl\":\"https:\\\/\\\/mvknunningen.ch\\\/wp-content\\\/uploads\\\/2025\\\/09\\\/Unbenannt.png\",\"width\":943,\"height\":706},{\"@type\":\"BreadcrumbList\",\"@id\":\"https:\\\/\\\/mvknunningen.ch\\\/?p=408#breadcrumb\",\"itemListElement\":[{\"@type\":\"ListItem\",\"position\":1,\"name\":\"Startseite\",\"item\":\"https:\\\/\\\/mvknunningen.ch\\\/\"},{\"@type\":\"ListItem\",\"position\":2,\"name\":\"Musikreise 2025\"}]},{\"@type\":\"WebSite\",\"@id\":\"https:\\\/\\\/mvknunningen.ch\\\/#website\",\"url\":\"https:\\\/\\\/mvknunningen.ch\\\/\",\"name\":\"MVK\",\"description\":\"\",\"publisher\":{\"@id\":\"https:\\\/\\\/mvknunningen.ch\\\/#organization\"},\"potentialAction\":[{\"@type\":\"SearchAction\",\"target\":{\"@type\":\"EntryPoint\",\"urlTemplate\":\"https:\\\/\\\/mvknunningen.ch\\\/?s={search_term_string}\"},\"query-input\":{\"@type\":\"PropertyValueSpecification\",\"valueRequired\":true,\"valueName\":\"search_term_string\"}}],\"inLanguage\":\"de-CH\"},{\"@type\":\"Organization\",\"@id\":\"https:\\\/\\\/mvknunningen.ch\\\/#organization\",\"name\":\"Musikverein Konkordia Nunningen\",\"url\":\"https:\\\/\\\/mvknunningen.ch\\\/\",\"logo\":{\"@type\":\"ImageObject\",\"inLanguage\":\"de-CH\",\"@id\":\"https:\\\/\\\/mvknunningen.ch\\\/#\\\/schema\\\/logo\\\/image\\\/\",\"url\":\"https:\\\/\\\/mvknunningen.ch\\\/wp-content\\\/uploads\\\/2025\\\/05\\\/cropped-Logo_MVKN.png\",\"contentUrl\":\"https:\\\/\\\/mvknunningen.ch\\\/wp-content\\\/uploads\\\/2025\\\/05\\\/cropped-Logo_MVKN.png\",\"width\":306,\"height\":80,\"caption\":\"Musikverein Konkordia Nunningen\"},\"image\":{\"@id\":\"https:\\\/\\\/mvknunningen.ch\\\/#\\\/schema\\\/logo\\\/image\\\/\"},\"sameAs\":[\"https:\\\/\\\/www.facebook.com\\\/mvknunningen\"]},{\"@type\":\"Person\",\"@id\":\"https:\\\/\\\/mvknunningen.ch\\\/#\\\/schema\\\/person\\\/eb456f6db539369c10017e2b17a4885c\",\"name\":\"Petra Gasser\",\"url\":\"https:\\\/\\\/mvknunningen.ch\\\/?author=2\"}]}<\/script>\n<!-- \/ Yoast SEO plugin. -->","yoast_head_json":{"title":"Musikreise 2025 - MVK Nunningen","robots":{"index":"index","follow":"follow","max-snippet":"max-snippet:-1","max-image-preview":"max-image-preview:large","max-video-preview":"max-video-preview:-1"},"canonical":"https:\/\/mvknunningen.ch\/?p=408","og_locale":"de_DE","og_type":"article","og_title":"Musikreise 2025 - MVK Nunningen","og_description":"An der GV meldete sich unser F\u00e4hnrich Heinz H\u00e4nggi ganz spontan, als es darum ging, eine Musikreise zu organisieren. Mit einem kleinen Sch\u00f6ggeli wurde auch schon die Richtung verraten. Knapp 30 Personen besammelten sich am 30.August bei der Post in Nunningen. Die Reise f\u00fchrte uns via Biel nach St. Imier. Je n\u00e4her wir unserem ZielContinue reading \"Musikreise 2025\"","og_url":"https:\/\/mvknunningen.ch\/?p=408","og_site_name":"MVK Nunningen","article_publisher":"https:\/\/www.facebook.com\/mvknunningen","article_published_time":"2025-09-23T16:00:40+00:00","article_modified_time":"2025-09-23T16:00:43+00:00","og_image":[{"width":943,"height":706,"url":"https:\/\/mvknunningen.ch\/wp-content\/uploads\/2025\/09\/Unbenannt.png","type":"image\/png"}],"author":"Petra Gasser","twitter_card":"summary_large_image","twitter_misc":{"Geschrieben von":"Petra Gasser","Gesch\u00e4tzte Lesezeit":"3\u00a0Minuten"},"schema":{"@context":"https:\/\/schema.org","@graph":[{"@type":"Article","@id":"https:\/\/mvknunningen.ch\/?p=408#article","isPartOf":{"@id":"https:\/\/mvknunningen.ch\/?p=408"},"author":{"name":"Petra Gasser","@id":"https:\/\/mvknunningen.ch\/#\/schema\/person\/eb456f6db539369c10017e2b17a4885c"},"headline":"Musikreise 2025","datePublished":"2025-09-23T16:00:40+00:00","dateModified":"2025-09-23T16:00:43+00:00","mainEntityOfPage":{"@id":"https:\/\/mvknunningen.ch\/?p=408"},"wordCount":314,"publisher":{"@id":"https:\/\/mvknunningen.ch\/#organization"},"image":{"@id":"https:\/\/mvknunningen.ch\/?p=408#primaryimage"},"thumbnailUrl":"https:\/\/mvknunningen.ch\/wp-content\/uploads\/2025\/09\/Unbenannt.png","articleSection":["Startseite"],"inLanguage":"de-CH"},{"@type":"WebPage","@id":"https:\/\/mvknunningen.ch\/?p=408","url":"https:\/\/mvknunningen.ch\/?p=408","name":"Musikreise 2025 - MVK Nunningen","isPartOf":{"@id":"https:\/\/mvknunningen.ch\/#website"},"primaryImageOfPage":{"@id":"https:\/\/mvknunningen.ch\/?p=408#primaryimage"},"image":{"@id":"https:\/\/mvknunningen.ch\/?p=408#primaryimage"},"thumbnailUrl":"https:\/\/mvknunningen.ch\/wp-content\/uploads\/2025\/09\/Unbenannt.png","datePublished":"2025-09-23T16:00:40+00:00","dateModified":"2025-09-23T16:00:43+00:00","breadcrumb":{"@id":"https:\/\/mvknunningen.ch\/?p=408#breadcrumb"},"inLanguage":"de-CH","potentialAction":[{"@type":"ReadAction","target":["https:\/\/mvknunningen.ch\/?p=408"]}]},{"@type":"ImageObject","inLanguage":"de-CH","@id":"https:\/\/mvknunningen.ch\/?p=408#primaryimage","url":"https:\/\/mvknunningen.ch\/wp-content\/uploads\/2025\/09\/Unbenannt.png","contentUrl":"https:\/\/mvknunningen.ch\/wp-content\/uploads\/2025\/09\/Unbenannt.png","width":943,"height":706},{"@type":"BreadcrumbList","@id":"https:\/\/mvknunningen.ch\/?p=408#breadcrumb","itemListElement":[{"@type":"ListItem","position":1,"name":"Startseite","item":"https:\/\/mvknunningen.ch\/"},{"@type":"ListItem","position":2,"name":"Musikreise 2025"}]},{"@type":"WebSite","@id":"https:\/\/mvknunningen.ch\/#website","url":"https:\/\/mvknunningen.ch\/","name":"MVK","description":"","publisher":{"@id":"https:\/\/mvknunningen.ch\/#organization"},"potentialAction":[{"@type":"SearchAction","target":{"@type":"EntryPoint","urlTemplate":"https:\/\/mvknunningen.ch\/?s={search_term_string}"},"query-input":{"@type":"PropertyValueSpecification","valueRequired":true,"valueName":"search_term_string"}}],"inLanguage":"de-CH"},{"@type":"Organization","@id":"https:\/\/mvknunningen.ch\/#organization","name":"Musikverein Konkordia Nunningen","url":"https:\/\/mvknunningen.ch\/","logo":{"@type":"ImageObject","inLanguage":"de-CH","@id":"https:\/\/mvknunningen.ch\/#\/schema\/logo\/image\/","url":"https:\/\/mvknunningen.ch\/wp-content\/uploads\/2025\/05\/cropped-Logo_MVKN.png","contentUrl":"https:\/\/mvknunningen.ch\/wp-content\/uploads\/2025\/05\/cropped-Logo_MVKN.png","width":306,"height":80,"caption":"Musikverein Konkordia Nunningen"},"image":{"@id":"https:\/\/mvknunningen.ch\/#\/schema\/logo\/image\/"},"sameAs":["https:\/\/www.facebook.com\/mvknunningen"]},{"@type":"Person","@id":"https:\/\/mvknunningen.ch\/#\/schema\/person\/eb456f6db539369c10017e2b17a4885c","name":"Petra Gasser","url":"https:\/\/mvknunningen.ch\/?author=2"}]}},"jetpack_featured_media_url":"https:\/\/mvknunningen.ch\/wp-content\/uploads\/2025\/09\/Unbenannt.png","jetpack_sharing_enabled":true,"_links":{"self":[{"href":"https:\/\/mvknunningen.ch\/index.php?rest_route=\/wp\/v2\/posts\/408","targetHints":{"allow":["GET"]}}],"collection":[{"href":"https:\/\/mvknunningen.ch\/index.php?rest_route=\/wp\/v2\/posts"}],"about":[{"href":"https:\/\/mvknunningen.ch\/index.php?rest_route=\/wp\/v2\/types\/post"}],"author":[{"embeddable":true,"href":"https:\/\/mvknunningen.ch\/index.php?rest_route=\/wp\/v2\/users\/2"}],"replies":[{"embeddable":true,"href":"https:\/\/mvknunningen.ch\/index.php?rest_route=%2Fwp%2Fv2%2Fcomments&post=408"}],"version-history":[{"count":1,"href":"https:\/\/mvknunningen.ch\/index.php?rest_route=\/wp\/v2\/posts\/408\/revisions"}],"predecessor-version":[{"id":415,"href":"https:\/\/mvknunningen.ch\/index.php?rest_route=\/wp\/v2\/posts\/408\/revisions\/415"}],"wp:featuredmedia":[{"embeddable":true,"href":"https:\/\/mvknunningen.ch\/index.php?rest_route=\/wp\/v2\/media\/409"}],"wp:attachment":[{"href":"https:\/\/mvknunningen.ch\/index.php?rest_route=%2Fwp%2Fv2%2Fmedia&parent=408"}],"wp:term":[{"taxonomy":"category","embeddable":true,"href":"https:\/\/mvknunningen.ch\/index.php?rest_route=%2Fwp%2Fv2%2Fcategories&post=408"},{"taxonomy":"post_tag","embeddable":true,"href":"https:\/\/mvknunningen.ch\/index.php?rest_route=%2Fwp%2Fv2%2Ftags&post=408"}],"curies":[{"name":"wp","href":"https:\/\/api.w.org\/{rel}","templated":true}]}}