{"id":421,"date":"2025-10-28T20:24:02","date_gmt":"2025-10-28T18:24:02","guid":{"rendered":"https:\/\/mvknunningen.ch\/?p=421"},"modified":"2025-10-28T20:24:04","modified_gmt":"2025-10-28T18:24:04","slug":"staendeli-im-roderis","status":"publish","type":"post","link":"https:\/\/mvknunningen.ch\/?p=421","title":{"rendered":"St\u00e4ndeli im Roderis"},"content":{"rendered":"\n<p>Am Dienstag, 16. September spielte der Musikverein Konkordia Nunningen, erstmals unter der neuen Leitung von Patric Bader, ein St\u00e4ndeli im Roderis. So wehte von Anfang an ein frischer Wind und die Spielfreude war zu sehen und zu h\u00f6ren.<\/p>\n\n\n\n<p>Eigentlich spielt der Musikverein normalerweise vor den Sommerferien auf dem Dorfplatz. Doch wegen des Musiktages und des Dirigentenwechsels wurde der Anlass in den September verschoben. Man entschied sich wieder einmal im Roderis zu spielen. Der Abend war perfekt. Unter dem schattenspendenden Baum zwischen der Scheune und dem Wohnhaus des Wohnheims Sonnhalde durften wir eine beachtliche Anzahl Zuh\u00f6rerinnen und Zuh\u00f6rer begr\u00fcssen. Unsere Musik wurde mit viel Applaus und Freude belohnt.<\/p>\n\n\n\n<p>Das Wohnheim lud im Anschluss alle Musikantinnen und Musikanten zu einem reichhaltigen Ap\u00e9ro ein. Herzlichen Dank! Bis zum n\u00e4chsten Mal im Roderis.<\/p>\n\n\n\n<figure class=\"wp-block-gallery has-nested-images columns-default is-cropped wp-block-gallery-1 is-layout-flex wp-block-gallery-is-layout-flex\">\n<figure class=\"wp-block-image size-large\"><img loading=\"lazy\" decoding=\"async\" width=\"1024\" height=\"652\" data-id=\"422\" src=\"https:\/\/mvknunningen.ch\/wp-content\/uploads\/2025\/10\/IMG-20250916-WA0015-1024x652.jpg\" alt=\"\" class=\"wp-image-422\" srcset=\"https:\/\/mvknunningen.ch\/wp-content\/uploads\/2025\/10\/IMG-20250916-WA0015-1024x652.jpg 1024w, https:\/\/mvknunningen.ch\/wp-content\/uploads\/2025\/10\/IMG-20250916-WA0015-300x191.jpg 300w, https:\/\/mvknunningen.ch\/wp-content\/uploads\/2025\/10\/IMG-20250916-WA0015-768x489.jpg 768w, https:\/\/mvknunningen.ch\/wp-content\/uploads\/2025\/10\/IMG-20250916-WA0015-1536x978.jpg 1536w, https:\/\/mvknunningen.ch\/wp-content\/uploads\/2025\/10\/IMG-20250916-WA0015-1568x998.jpg 1568w, https:\/\/mvknunningen.ch\/wp-content\/uploads\/2025\/10\/IMG-20250916-WA0015.jpg 1811w\" sizes=\"auto, (max-width: 1024px) 100vw, 1024px\" \/><\/figure>\n<\/figure>\n\n\n\n<figure class=\"wp-block-image size-large\"><img loading=\"lazy\" decoding=\"async\" width=\"1024\" height=\"693\" src=\"https:\/\/mvknunningen.ch\/wp-content\/uploads\/2025\/10\/IMG-20250916-WA0009-1024x693.jpg\" alt=\"\" class=\"wp-image-424\" srcset=\"https:\/\/mvknunningen.ch\/wp-content\/uploads\/2025\/10\/IMG-20250916-WA0009-1024x693.jpg 1024w, https:\/\/mvknunningen.ch\/wp-content\/uploads\/2025\/10\/IMG-20250916-WA0009-300x203.jpg 300w, https:\/\/mvknunningen.ch\/wp-content\/uploads\/2025\/10\/IMG-20250916-WA0009-768x520.jpg 768w, https:\/\/mvknunningen.ch\/wp-content\/uploads\/2025\/10\/IMG-20250916-WA0009-1536x1040.jpg 1536w, https:\/\/mvknunningen.ch\/wp-content\/uploads\/2025\/10\/IMG-20250916-WA0009-1568x1061.jpg 1568w, https:\/\/mvknunningen.ch\/wp-content\/uploads\/2025\/10\/IMG-20250916-WA0009.jpg 2048w\" sizes=\"auto, (max-width: 1024px) 100vw, 1024px\" \/><\/figure>\n","protected":false},"excerpt":{"rendered":"<p>Am Dienstag, 16. September spielte der Musikverein Konkordia Nunningen, erstmals unter der neuen Leitung von Patric Bader, ein St\u00e4ndeli im Roderis. So wehte von Anfang an ein frischer Wind und die Spielfreude war zu sehen und zu h\u00f6ren. Eigentlich spielt der Musikverein normalerweise vor den Sommerferien auf dem Dorfplatz. Doch wegen des Musiktages und des<a class=\"more-link\" href=\"https:\/\/mvknunningen.ch\/?p=421\">Continue reading <span class=\"screen-reader-text\">&#171;St\u00e4ndeli im Roderis&#187;<\/span><\/a><\/p>\n","protected":false},"author":2,"featured_media":0,"comment_status":"closed","ping_status":"closed","sticky":false,"template":"","format":"standard","meta":{"_jetpack_memberships_contains_paid_content":false,"footnotes":""},"categories":[3],"tags":[],"class_list":["post-421","post","type-post","status-publish","format-standard","hentry","category-startseite","entry"],"yoast_head":"<!-- This site is optimized with the Yoast SEO plugin v27.4 - https:\/\/yoast.com\/product\/yoast-seo-wordpress\/ -->\n<title>St\u00e4ndeli im Roderis - MVK Nunningen<\/title>\n<meta name=\"robots\" content=\"index, follow, max-snippet:-1, max-image-preview:large, max-video-preview:-1\" \/>\n<link rel=\"canonical\" href=\"https:\/\/mvknunningen.ch\/?p=421\" \/>\n<meta property=\"og:locale\" content=\"de_DE\" \/>\n<meta property=\"og:type\" content=\"article\" \/>\n<meta property=\"og:title\" content=\"St\u00e4ndeli im Roderis - MVK Nunningen\" \/>\n<meta property=\"og:description\" content=\"Am Dienstag, 16. September spielte der Musikverein Konkordia Nunningen, erstmals unter der neuen Leitung von Patric Bader, ein St\u00e4ndeli im Roderis. So wehte von Anfang an ein frischer Wind und die Spielfreude war zu sehen und zu h\u00f6ren. Eigentlich spielt der Musikverein normalerweise vor den Sommerferien auf dem Dorfplatz. Doch wegen des Musiktages und desContinue reading &quot;St\u00e4ndeli im Roderis&quot;\" \/>\n<meta property=\"og:url\" content=\"https:\/\/mvknunningen.ch\/?p=421\" \/>\n<meta property=\"og:site_name\" content=\"MVK Nunningen\" \/>\n<meta property=\"article:publisher\" content=\"https:\/\/www.facebook.com\/mvknunningen\" \/>\n<meta property=\"article:published_time\" content=\"2025-10-28T18:24:02+00:00\" \/>\n<meta property=\"article:modified_time\" content=\"2025-10-28T18:24:04+00:00\" \/>\n<meta property=\"og:image\" content=\"https:\/\/mvknunningen.ch\/wp-content\/uploads\/2025\/10\/IMG-20250916-WA0015.jpg\" \/>\n\t<meta property=\"og:image:width\" content=\"1811\" \/>\n\t<meta property=\"og:image:height\" content=\"1153\" \/>\n\t<meta property=\"og:image:type\" content=\"image\/jpeg\" \/>\n<meta name=\"author\" content=\"Petra Gasser\" \/>\n<meta name=\"twitter:card\" content=\"summary_large_image\" \/>\n<meta name=\"twitter:label1\" content=\"Geschrieben von\" \/>\n\t<meta name=\"twitter:data1\" content=\"Petra Gasser\" \/>\n\t<meta name=\"twitter:label2\" content=\"Gesch\u00e4tzte Lesezeit\" \/>\n\t<meta name=\"twitter:data2\" content=\"2\u00a0Minuten\" \/>\n<script type=\"application\/ld+json\" class=\"yoast-schema-graph\">{\"@context\":\"https:\\\/\\\/schema.org\",\"@graph\":[{\"@type\":\"Article\",\"@id\":\"https:\\\/\\\/mvknunningen.ch\\\/?p=421#article\",\"isPartOf\":{\"@id\":\"https:\\\/\\\/mvknunningen.ch\\\/?p=421\"},\"author\":{\"name\":\"Petra Gasser\",\"@id\":\"https:\\\/\\\/mvknunningen.ch\\\/#\\\/schema\\\/person\\\/eb456f6db539369c10017e2b17a4885c\"},\"headline\":\"St\u00e4ndeli im Roderis\",\"datePublished\":\"2025-10-28T18:24:02+00:00\",\"dateModified\":\"2025-10-28T18:24:04+00:00\",\"mainEntityOfPage\":{\"@id\":\"https:\\\/\\\/mvknunningen.ch\\\/?p=421\"},\"wordCount\":139,\"publisher\":{\"@id\":\"https:\\\/\\\/mvknunningen.ch\\\/#organization\"},\"image\":{\"@id\":\"https:\\\/\\\/mvknunningen.ch\\\/?p=421#primaryimage\"},\"thumbnailUrl\":\"https:\\\/\\\/mvknunningen.ch\\\/wp-content\\\/uploads\\\/2025\\\/10\\\/IMG-20250916-WA0015-1024x652.jpg\",\"articleSection\":[\"Startseite\"],\"inLanguage\":\"de-CH\"},{\"@type\":\"WebPage\",\"@id\":\"https:\\\/\\\/mvknunningen.ch\\\/?p=421\",\"url\":\"https:\\\/\\\/mvknunningen.ch\\\/?p=421\",\"name\":\"St\u00e4ndeli im Roderis - MVK Nunningen\",\"isPartOf\":{\"@id\":\"https:\\\/\\\/mvknunningen.ch\\\/#website\"},\"primaryImageOfPage\":{\"@id\":\"https:\\\/\\\/mvknunningen.ch\\\/?p=421#primaryimage\"},\"image\":{\"@id\":\"https:\\\/\\\/mvknunningen.ch\\\/?p=421#primaryimage\"},\"thumbnailUrl\":\"https:\\\/\\\/mvknunningen.ch\\\/wp-content\\\/uploads\\\/2025\\\/10\\\/IMG-20250916-WA0015-1024x652.jpg\",\"datePublished\":\"2025-10-28T18:24:02+00:00\",\"dateModified\":\"2025-10-28T18:24:04+00:00\",\"breadcrumb\":{\"@id\":\"https:\\\/\\\/mvknunningen.ch\\\/?p=421#breadcrumb\"},\"inLanguage\":\"de-CH\",\"potentialAction\":[{\"@type\":\"ReadAction\",\"target\":[\"https:\\\/\\\/mvknunningen.ch\\\/?p=421\"]}]},{\"@type\":\"ImageObject\",\"inLanguage\":\"de-CH\",\"@id\":\"https:\\\/\\\/mvknunningen.ch\\\/?p=421#primaryimage\",\"url\":\"https:\\\/\\\/mvknunningen.ch\\\/wp-content\\\/uploads\\\/2025\\\/10\\\/IMG-20250916-WA0015.jpg\",\"contentUrl\":\"https:\\\/\\\/mvknunningen.ch\\\/wp-content\\\/uploads\\\/2025\\\/10\\\/IMG-20250916-WA0015.jpg\",\"width\":1811,\"height\":1153},{\"@type\":\"BreadcrumbList\",\"@id\":\"https:\\\/\\\/mvknunningen.ch\\\/?p=421#breadcrumb\",\"itemListElement\":[{\"@type\":\"ListItem\",\"position\":1,\"name\":\"Startseite\",\"item\":\"https:\\\/\\\/mvknunningen.ch\\\/\"},{\"@type\":\"ListItem\",\"position\":2,\"name\":\"St\u00e4ndeli im Roderis\"}]},{\"@type\":\"WebSite\",\"@id\":\"https:\\\/\\\/mvknunningen.ch\\\/#website\",\"url\":\"https:\\\/\\\/mvknunningen.ch\\\/\",\"name\":\"MVK\",\"description\":\"\",\"publisher\":{\"@id\":\"https:\\\/\\\/mvknunningen.ch\\\/#organization\"},\"potentialAction\":[{\"@type\":\"SearchAction\",\"target\":{\"@type\":\"EntryPoint\",\"urlTemplate\":\"https:\\\/\\\/mvknunningen.ch\\\/?s={search_term_string}\"},\"query-input\":{\"@type\":\"PropertyValueSpecification\",\"valueRequired\":true,\"valueName\":\"search_term_string\"}}],\"inLanguage\":\"de-CH\"},{\"@type\":\"Organization\",\"@id\":\"https:\\\/\\\/mvknunningen.ch\\\/#organization\",\"name\":\"Musikverein Konkordia Nunningen\",\"url\":\"https:\\\/\\\/mvknunningen.ch\\\/\",\"logo\":{\"@type\":\"ImageObject\",\"inLanguage\":\"de-CH\",\"@id\":\"https:\\\/\\\/mvknunningen.ch\\\/#\\\/schema\\\/logo\\\/image\\\/\",\"url\":\"https:\\\/\\\/mvknunningen.ch\\\/wp-content\\\/uploads\\\/2025\\\/05\\\/cropped-Logo_MVKN.png\",\"contentUrl\":\"https:\\\/\\\/mvknunningen.ch\\\/wp-content\\\/uploads\\\/2025\\\/05\\\/cropped-Logo_MVKN.png\",\"width\":306,\"height\":80,\"caption\":\"Musikverein Konkordia Nunningen\"},\"image\":{\"@id\":\"https:\\\/\\\/mvknunningen.ch\\\/#\\\/schema\\\/logo\\\/image\\\/\"},\"sameAs\":[\"https:\\\/\\\/www.facebook.com\\\/mvknunningen\"]},{\"@type\":\"Person\",\"@id\":\"https:\\\/\\\/mvknunningen.ch\\\/#\\\/schema\\\/person\\\/eb456f6db539369c10017e2b17a4885c\",\"name\":\"Petra Gasser\",\"url\":\"https:\\\/\\\/mvknunningen.ch\\\/?author=2\"}]}<\/script>\n<!-- \/ Yoast SEO plugin. -->","yoast_head_json":{"title":"St\u00e4ndeli im Roderis - MVK Nunningen","robots":{"index":"index","follow":"follow","max-snippet":"max-snippet:-1","max-image-preview":"max-image-preview:large","max-video-preview":"max-video-preview:-1"},"canonical":"https:\/\/mvknunningen.ch\/?p=421","og_locale":"de_DE","og_type":"article","og_title":"St\u00e4ndeli im Roderis - MVK Nunningen","og_description":"Am Dienstag, 16. September spielte der Musikverein Konkordia Nunningen, erstmals unter der neuen Leitung von Patric Bader, ein St\u00e4ndeli im Roderis. So wehte von Anfang an ein frischer Wind und die Spielfreude war zu sehen und zu h\u00f6ren. Eigentlich spielt der Musikverein normalerweise vor den Sommerferien auf dem Dorfplatz. Doch wegen des Musiktages und desContinue reading \"St\u00e4ndeli im Roderis\"","og_url":"https:\/\/mvknunningen.ch\/?p=421","og_site_name":"MVK Nunningen","article_publisher":"https:\/\/www.facebook.com\/mvknunningen","article_published_time":"2025-10-28T18:24:02+00:00","article_modified_time":"2025-10-28T18:24:04+00:00","og_image":[{"width":1811,"height":1153,"url":"https:\/\/mvknunningen.ch\/wp-content\/uploads\/2025\/10\/IMG-20250916-WA0015.jpg","type":"image\/jpeg"}],"author":"Petra Gasser","twitter_card":"summary_large_image","twitter_misc":{"Geschrieben von":"Petra Gasser","Gesch\u00e4tzte Lesezeit":"2\u00a0Minuten"},"schema":{"@context":"https:\/\/schema.org","@graph":[{"@type":"Article","@id":"https:\/\/mvknunningen.ch\/?p=421#article","isPartOf":{"@id":"https:\/\/mvknunningen.ch\/?p=421"},"author":{"name":"Petra Gasser","@id":"https:\/\/mvknunningen.ch\/#\/schema\/person\/eb456f6db539369c10017e2b17a4885c"},"headline":"St\u00e4ndeli im Roderis","datePublished":"2025-10-28T18:24:02+00:00","dateModified":"2025-10-28T18:24:04+00:00","mainEntityOfPage":{"@id":"https:\/\/mvknunningen.ch\/?p=421"},"wordCount":139,"publisher":{"@id":"https:\/\/mvknunningen.ch\/#organization"},"image":{"@id":"https:\/\/mvknunningen.ch\/?p=421#primaryimage"},"thumbnailUrl":"https:\/\/mvknunningen.ch\/wp-content\/uploads\/2025\/10\/IMG-20250916-WA0015-1024x652.jpg","articleSection":["Startseite"],"inLanguage":"de-CH"},{"@type":"WebPage","@id":"https:\/\/mvknunningen.ch\/?p=421","url":"https:\/\/mvknunningen.ch\/?p=421","name":"St\u00e4ndeli im Roderis - MVK Nunningen","isPartOf":{"@id":"https:\/\/mvknunningen.ch\/#website"},"primaryImageOfPage":{"@id":"https:\/\/mvknunningen.ch\/?p=421#primaryimage"},"image":{"@id":"https:\/\/mvknunningen.ch\/?p=421#primaryimage"},"thumbnailUrl":"https:\/\/mvknunningen.ch\/wp-content\/uploads\/2025\/10\/IMG-20250916-WA0015-1024x652.jpg","datePublished":"2025-10-28T18:24:02+00:00","dateModified":"2025-10-28T18:24:04+00:00","breadcrumb":{"@id":"https:\/\/mvknunningen.ch\/?p=421#breadcrumb"},"inLanguage":"de-CH","potentialAction":[{"@type":"ReadAction","target":["https:\/\/mvknunningen.ch\/?p=421"]}]},{"@type":"ImageObject","inLanguage":"de-CH","@id":"https:\/\/mvknunningen.ch\/?p=421#primaryimage","url":"https:\/\/mvknunningen.ch\/wp-content\/uploads\/2025\/10\/IMG-20250916-WA0015.jpg","contentUrl":"https:\/\/mvknunningen.ch\/wp-content\/uploads\/2025\/10\/IMG-20250916-WA0015.jpg","width":1811,"height":1153},{"@type":"BreadcrumbList","@id":"https:\/\/mvknunningen.ch\/?p=421#breadcrumb","itemListElement":[{"@type":"ListItem","position":1,"name":"Startseite","item":"https:\/\/mvknunningen.ch\/"},{"@type":"ListItem","position":2,"name":"St\u00e4ndeli im Roderis"}]},{"@type":"WebSite","@id":"https:\/\/mvknunningen.ch\/#website","url":"https:\/\/mvknunningen.ch\/","name":"MVK","description":"","publisher":{"@id":"https:\/\/mvknunningen.ch\/#organization"},"potentialAction":[{"@type":"SearchAction","target":{"@type":"EntryPoint","urlTemplate":"https:\/\/mvknunningen.ch\/?s={search_term_string}"},"query-input":{"@type":"PropertyValueSpecification","valueRequired":true,"valueName":"search_term_string"}}],"inLanguage":"de-CH"},{"@type":"Organization","@id":"https:\/\/mvknunningen.ch\/#organization","name":"Musikverein Konkordia Nunningen","url":"https:\/\/mvknunningen.ch\/","logo":{"@type":"ImageObject","inLanguage":"de-CH","@id":"https:\/\/mvknunningen.ch\/#\/schema\/logo\/image\/","url":"https:\/\/mvknunningen.ch\/wp-content\/uploads\/2025\/05\/cropped-Logo_MVKN.png","contentUrl":"https:\/\/mvknunningen.ch\/wp-content\/uploads\/2025\/05\/cropped-Logo_MVKN.png","width":306,"height":80,"caption":"Musikverein Konkordia Nunningen"},"image":{"@id":"https:\/\/mvknunningen.ch\/#\/schema\/logo\/image\/"},"sameAs":["https:\/\/www.facebook.com\/mvknunningen"]},{"@type":"Person","@id":"https:\/\/mvknunningen.ch\/#\/schema\/person\/eb456f6db539369c10017e2b17a4885c","name":"Petra Gasser","url":"https:\/\/mvknunningen.ch\/?author=2"}]}},"jetpack_featured_media_url":"","jetpack_sharing_enabled":true,"_links":{"self":[{"href":"https:\/\/mvknunningen.ch\/index.php?rest_route=\/wp\/v2\/posts\/421","targetHints":{"allow":["GET"]}}],"collection":[{"href":"https:\/\/mvknunningen.ch\/index.php?rest_route=\/wp\/v2\/posts"}],"about":[{"href":"https:\/\/mvknunningen.ch\/index.php?rest_route=\/wp\/v2\/types\/post"}],"author":[{"embeddable":true,"href":"https:\/\/mvknunningen.ch\/index.php?rest_route=\/wp\/v2\/users\/2"}],"replies":[{"embeddable":true,"href":"https:\/\/mvknunningen.ch\/index.php?rest_route=%2Fwp%2Fv2%2Fcomments&post=421"}],"version-history":[{"count":1,"href":"https:\/\/mvknunningen.ch\/index.php?rest_route=\/wp\/v2\/posts\/421\/revisions"}],"predecessor-version":[{"id":425,"href":"https:\/\/mvknunningen.ch\/index.php?rest_route=\/wp\/v2\/posts\/421\/revisions\/425"}],"wp:attachment":[{"href":"https:\/\/mvknunningen.ch\/index.php?rest_route=%2Fwp%2Fv2%2Fmedia&parent=421"}],"wp:term":[{"taxonomy":"category","embeddable":true,"href":"https:\/\/mvknunningen.ch\/index.php?rest_route=%2Fwp%2Fv2%2Fcategories&post=421"},{"taxonomy":"post_tag","embeddable":true,"href":"https:\/\/mvknunningen.ch\/index.php?rest_route=%2Fwp%2Fv2%2Ftags&post=421"}],"curies":[{"name":"wp","href":"https:\/\/api.w.org\/{rel}","templated":true}]}}