{"id":571,"date":"2026-08-29T11:37:54","date_gmt":"2026-08-29T09:37:54","guid":{"rendered":"https:\/\/mvknunningen.ch\/?p=571"},"modified":"2026-08-29T11:38:32","modified_gmt":"2026-08-29T09:38:32","slug":"unser-programm-im-2-halbjahr-2026","status":"publish","type":"post","link":"https:\/\/mvknunningen.ch\/?p=571","title":{"rendered":"Unser Programm im 2. Halbjahr 2026"},"content":{"rendered":"\n<figure class=\"wp-block-image size-large\"><img loading=\"lazy\" decoding=\"async\" width=\"724\" height=\"1024\" src=\"https:\/\/mvknunningen.ch\/wp-content\/uploads\/2026\/08\/Programm-2.-HJ-26-724x1024.png\" alt=\"\" class=\"wp-image-572\" srcset=\"https:\/\/mvknunningen.ch\/wp-content\/uploads\/2026\/08\/Programm-2.-HJ-26-724x1024.png 724w, https:\/\/mvknunningen.ch\/wp-content\/uploads\/2026\/08\/Programm-2.-HJ-26-212x300.png 212w, https:\/\/mvknunningen.ch\/wp-content\/uploads\/2026\/08\/Programm-2.-HJ-26-768x1086.png 768w, https:\/\/mvknunningen.ch\/wp-content\/uploads\/2026\/08\/Programm-2.-HJ-26-1086x1536.png 1086w, https:\/\/mvknunningen.ch\/wp-content\/uploads\/2026\/08\/Programm-2.-HJ-26.png 1414w\" sizes=\"auto, (max-width: 724px) 100vw, 724px\" \/><\/figure>\n\n\n\n<p class=\"wp-block-paragraph\">Nach einer wohlverdienten Pause starten unsere Proben wieder! Nat\u00fcrlich m\u00f6chten wir euch nicht vorenthalten, worauf wir in den kommenden Wochen hinarbeiten.<\/p>\n\n\n\n<p class=\"wp-block-paragraph\">Auch in der zweiten Jahresh\u00e4lfte erwarten euch verschiedene Auftritte und Anl\u00e4sse. Wir freuen uns darauf, euch dort zu begr\u00fcssen und gemeinsam viele unvergessliche musikalische Momente zu erleben. <\/p>\n\n\n\n<p class=\"wp-block-paragraph\">Reserviert euch die Termine schon jetzt im Kalender!<\/p>\n\n\n\n<p class=\"wp-block-paragraph\">Wir freuen uns auf eure Unterst\u00fctzung und viele bekannte Gesichter im Publikum.<\/p>\n","protected":false},"excerpt":{"rendered":"<p>Nach einer wohlverdienten Pause starten unsere Proben wieder! Nat\u00fcrlich m\u00f6chten wir euch nicht vorenthalten, worauf wir in den kommenden Wochen hinarbeiten. Auch in der zweiten Jahresh\u00e4lfte erwarten euch verschiedene Auftritte und Anl\u00e4sse. Wir freuen uns darauf, euch dort zu begr\u00fcssen und gemeinsam viele unvergessliche musikalische Momente zu erleben. Reserviert euch die Termine schon jetzt im<a class=\"more-link\" href=\"https:\/\/mvknunningen.ch\/?p=571\">Continue reading <span class=\"screen-reader-text\">&#171;Unser Programm im 2. Halbjahr 2026&#187;<\/span><\/a><\/p>\n","protected":false},"author":4,"featured_media":0,"comment_status":"closed","ping_status":"closed","sticky":false,"template":"","format":"standard","meta":{"_jetpack_newsletter_access":"","_jetpack_dont_email_post_to_subs":false,"_jetpack_newsletter_tier_id":0,"_jetpack_memberships_contains_paywalled_content":false,"_jetpack_feature_clip_id":0,"_jetpack_memberships_contains_paid_content":false,"footnotes":"","jetpack_post_was_ever_published":false},"categories":[3],"tags":[],"class_list":["post-571","post","type-post","status-publish","format-standard","hentry","category-startseite","entry"],"yoast_head":"<!-- This site is optimized with the Yoast SEO plugin v28.3 - https:\/\/yoast.com\/product\/yoast-seo-wordpress\/ -->\n<title>Unser Programm im 2. Halbjahr 2026 - MVK Nunningen<\/title>\n<meta name=\"robots\" content=\"index, follow, max-snippet:-1, max-image-preview:large, max-video-preview:-1\" \/>\n<link rel=\"canonical\" href=\"https:\/\/mvknunningen.ch\/?p=571\" \/>\n<meta property=\"og:locale\" content=\"de_DE\" \/>\n<meta property=\"og:type\" content=\"article\" \/>\n<meta property=\"og:title\" content=\"Unser Programm im 2. Halbjahr 2026 - MVK Nunningen\" \/>\n<meta property=\"og:description\" content=\"Nach einer wohlverdienten Pause starten unsere Proben wieder! Nat\u00fcrlich m\u00f6chten wir euch nicht vorenthalten, worauf wir in den kommenden Wochen hinarbeiten. Auch in der zweiten Jahresh\u00e4lfte erwarten euch verschiedene Auftritte und Anl\u00e4sse. Wir freuen uns darauf, euch dort zu begr\u00fcssen und gemeinsam viele unvergessliche musikalische Momente zu erleben. Reserviert euch die Termine schon jetzt imContinue reading &quot;Unser Programm im 2. Halbjahr 2026&quot;\" \/>\n<meta property=\"og:url\" content=\"https:\/\/mvknunningen.ch\/?p=571\" \/>\n<meta property=\"og:site_name\" content=\"MVK Nunningen\" \/>\n<meta property=\"article:publisher\" content=\"https:\/\/www.facebook.com\/mvknunningen\" \/>\n<meta property=\"article:published_time\" content=\"2026-08-29T09:37:54+00:00\" \/>\n<meta property=\"article:modified_time\" content=\"2026-08-29T09:38:32+00:00\" \/>\n<meta property=\"og:image\" content=\"https:\/\/mvknunningen.ch\/wp-content\/uploads\/2026\/08\/Programm-2.-HJ-26-724x1024.png\" \/>\n\t<meta property=\"og:image:width\" content=\"724\" \/>\n\t<meta property=\"og:image:height\" content=\"1024\" \/>\n\t<meta property=\"og:image:type\" content=\"image\/png\" \/>\n<meta name=\"author\" content=\"hanggisara\" \/>\n<meta name=\"twitter:card\" content=\"summary_large_image\" \/>\n<meta name=\"twitter:label1\" content=\"Geschrieben von\" \/>\n\t<meta name=\"twitter:data1\" content=\"hanggisara\" \/>\n\t<meta name=\"twitter:label2\" content=\"Gesch\u00e4tzte Lesezeit\" \/>\n\t<meta name=\"twitter:data2\" content=\"1\u00a0Minute\" \/>\n<script type=\"application\/ld+json\" class=\"yoast-schema-graph\">{\"@context\":\"https:\\\/\\\/schema.org\",\"@graph\":[{\"@type\":\"Article\",\"@id\":\"https:\\\/\\\/mvknunningen.ch\\\/?p=571#article\",\"isPartOf\":{\"@id\":\"https:\\\/\\\/mvknunningen.ch\\\/?p=571\"},\"author\":{\"name\":\"hanggisara\",\"@id\":\"https:\\\/\\\/mvknunningen.ch\\\/#\\\/schema\\\/person\\\/40aeab3f70abc0778611c3002ee36371\"},\"headline\":\"Unser Programm im 2. Halbjahr 2026\",\"datePublished\":\"2026-08-29T09:37:54+00:00\",\"dateModified\":\"2026-08-29T09:38:32+00:00\",\"mainEntityOfPage\":{\"@id\":\"https:\\\/\\\/mvknunningen.ch\\\/?p=571\"},\"wordCount\":78,\"publisher\":{\"@id\":\"https:\\\/\\\/mvknunningen.ch\\\/#organization\"},\"image\":{\"@id\":\"https:\\\/\\\/mvknunningen.ch\\\/?p=571#primaryimage\"},\"thumbnailUrl\":\"https:\\\/\\\/mvknunningen.ch\\\/wp-content\\\/uploads\\\/2026\\\/08\\\/Programm-2.-HJ-26-724x1024.png\",\"articleSection\":[\"Startseite\"],\"inLanguage\":\"de-CH\"},{\"@type\":\"WebPage\",\"@id\":\"https:\\\/\\\/mvknunningen.ch\\\/?p=571\",\"url\":\"https:\\\/\\\/mvknunningen.ch\\\/?p=571\",\"name\":\"Unser Programm im 2. Halbjahr 2026 - MVK Nunningen\",\"isPartOf\":{\"@id\":\"https:\\\/\\\/mvknunningen.ch\\\/#website\"},\"primaryImageOfPage\":{\"@id\":\"https:\\\/\\\/mvknunningen.ch\\\/?p=571#primaryimage\"},\"image\":{\"@id\":\"https:\\\/\\\/mvknunningen.ch\\\/?p=571#primaryimage\"},\"thumbnailUrl\":\"https:\\\/\\\/mvknunningen.ch\\\/wp-content\\\/uploads\\\/2026\\\/08\\\/Programm-2.-HJ-26-724x1024.png\",\"datePublished\":\"2026-08-29T09:37:54+00:00\",\"dateModified\":\"2026-08-29T09:38:32+00:00\",\"breadcrumb\":{\"@id\":\"https:\\\/\\\/mvknunningen.ch\\\/?p=571#breadcrumb\"},\"inLanguage\":\"de-CH\",\"potentialAction\":[{\"@type\":\"ReadAction\",\"target\":[\"https:\\\/\\\/mvknunningen.ch\\\/?p=571\"]}]},{\"@type\":\"ImageObject\",\"inLanguage\":\"de-CH\",\"@id\":\"https:\\\/\\\/mvknunningen.ch\\\/?p=571#primaryimage\",\"url\":\"https:\\\/\\\/mvknunningen.ch\\\/wp-content\\\/uploads\\\/2026\\\/08\\\/Programm-2.-HJ-26.png\",\"contentUrl\":\"https:\\\/\\\/mvknunningen.ch\\\/wp-content\\\/uploads\\\/2026\\\/08\\\/Programm-2.-HJ-26.png\",\"width\":1414,\"height\":2000},{\"@type\":\"BreadcrumbList\",\"@id\":\"https:\\\/\\\/mvknunningen.ch\\\/?p=571#breadcrumb\",\"itemListElement\":[{\"@type\":\"ListItem\",\"position\":1,\"name\":\"Startseite\",\"item\":\"https:\\\/\\\/mvknunningen.ch\\\/\"},{\"@type\":\"ListItem\",\"position\":2,\"name\":\"Unser Programm im 2. Halbjahr 2026\"}]},{\"@type\":\"WebSite\",\"@id\":\"https:\\\/\\\/mvknunningen.ch\\\/#website\",\"url\":\"https:\\\/\\\/mvknunningen.ch\\\/\",\"name\":\"MVK\",\"description\":\"\",\"publisher\":{\"@id\":\"https:\\\/\\\/mvknunningen.ch\\\/#organization\"},\"potentialAction\":[{\"@type\":\"SearchAction\",\"target\":{\"@type\":\"EntryPoint\",\"urlTemplate\":\"https:\\\/\\\/mvknunningen.ch\\\/?s={search_term_string}\"},\"query-input\":{\"@type\":\"PropertyValueSpecification\",\"valueRequired\":true,\"valueName\":\"search_term_string\"}}],\"inLanguage\":\"de-CH\"},{\"@type\":\"Organization\",\"@id\":\"https:\\\/\\\/mvknunningen.ch\\\/#organization\",\"name\":\"Musikverein Konkordia Nunningen\",\"url\":\"https:\\\/\\\/mvknunningen.ch\\\/\",\"logo\":{\"@type\":\"ImageObject\",\"inLanguage\":\"de-CH\",\"@id\":\"https:\\\/\\\/mvknunningen.ch\\\/#\\\/schema\\\/logo\\\/image\\\/\",\"url\":\"https:\\\/\\\/mvknunningen.ch\\\/wp-content\\\/uploads\\\/2025\\\/05\\\/cropped-Logo_MVKN.png\",\"contentUrl\":\"https:\\\/\\\/mvknunningen.ch\\\/wp-content\\\/uploads\\\/2025\\\/05\\\/cropped-Logo_MVKN.png\",\"width\":306,\"height\":80,\"caption\":\"Musikverein Konkordia Nunningen\"},\"image\":{\"@id\":\"https:\\\/\\\/mvknunningen.ch\\\/#\\\/schema\\\/logo\\\/image\\\/\"},\"sameAs\":[\"https:\\\/\\\/www.facebook.com\\\/mvknunningen\"]},{\"@type\":\"Person\",\"@id\":\"https:\\\/\\\/mvknunningen.ch\\\/#\\\/schema\\\/person\\\/40aeab3f70abc0778611c3002ee36371\",\"name\":\"hanggisara\",\"url\":\"https:\\\/\\\/mvknunningen.ch\\\/?author=4\"}]}<\/script>\n<!-- \/ Yoast SEO plugin. -->","yoast_head_json":{"title":"Unser Programm im 2. Halbjahr 2026 - MVK Nunningen","robots":{"index":"index","follow":"follow","max-snippet":"max-snippet:-1","max-image-preview":"max-image-preview:large","max-video-preview":"max-video-preview:-1"},"canonical":"https:\/\/mvknunningen.ch\/?p=571","og_locale":"de_DE","og_type":"article","og_title":"Unser Programm im 2. Halbjahr 2026 - MVK Nunningen","og_description":"Nach einer wohlverdienten Pause starten unsere Proben wieder! Nat\u00fcrlich m\u00f6chten wir euch nicht vorenthalten, worauf wir in den kommenden Wochen hinarbeiten. Auch in der zweiten Jahresh\u00e4lfte erwarten euch verschiedene Auftritte und Anl\u00e4sse. Wir freuen uns darauf, euch dort zu begr\u00fcssen und gemeinsam viele unvergessliche musikalische Momente zu erleben. Reserviert euch die Termine schon jetzt imContinue reading \"Unser Programm im 2. Halbjahr 2026\"","og_url":"https:\/\/mvknunningen.ch\/?p=571","og_site_name":"MVK Nunningen","article_publisher":"https:\/\/www.facebook.com\/mvknunningen","article_published_time":"2026-08-29T09:37:54+00:00","article_modified_time":"2026-08-29T09:38:32+00:00","og_image":[{"width":724,"height":1024,"url":"https:\/\/mvknunningen.ch\/wp-content\/uploads\/2026\/08\/Programm-2.-HJ-26-724x1024.png","type":"image\/png"}],"author":"hanggisara","twitter_card":"summary_large_image","twitter_misc":{"Geschrieben von":"hanggisara","Gesch\u00e4tzte Lesezeit":"1\u00a0Minute"},"schema":{"@context":"https:\/\/schema.org","@graph":[{"@type":"Article","@id":"https:\/\/mvknunningen.ch\/?p=571#article","isPartOf":{"@id":"https:\/\/mvknunningen.ch\/?p=571"},"author":{"name":"hanggisara","@id":"https:\/\/mvknunningen.ch\/#\/schema\/person\/40aeab3f70abc0778611c3002ee36371"},"headline":"Unser Programm im 2. Halbjahr 2026","datePublished":"2026-08-29T09:37:54+00:00","dateModified":"2026-08-29T09:38:32+00:00","mainEntityOfPage":{"@id":"https:\/\/mvknunningen.ch\/?p=571"},"wordCount":78,"publisher":{"@id":"https:\/\/mvknunningen.ch\/#organization"},"image":{"@id":"https:\/\/mvknunningen.ch\/?p=571#primaryimage"},"thumbnailUrl":"https:\/\/mvknunningen.ch\/wp-content\/uploads\/2026\/08\/Programm-2.-HJ-26-724x1024.png","articleSection":["Startseite"],"inLanguage":"de-CH"},{"@type":"WebPage","@id":"https:\/\/mvknunningen.ch\/?p=571","url":"https:\/\/mvknunningen.ch\/?p=571","name":"Unser Programm im 2. Halbjahr 2026 - MVK Nunningen","isPartOf":{"@id":"https:\/\/mvknunningen.ch\/#website"},"primaryImageOfPage":{"@id":"https:\/\/mvknunningen.ch\/?p=571#primaryimage"},"image":{"@id":"https:\/\/mvknunningen.ch\/?p=571#primaryimage"},"thumbnailUrl":"https:\/\/mvknunningen.ch\/wp-content\/uploads\/2026\/08\/Programm-2.-HJ-26-724x1024.png","datePublished":"2026-08-29T09:37:54+00:00","dateModified":"2026-08-29T09:38:32+00:00","breadcrumb":{"@id":"https:\/\/mvknunningen.ch\/?p=571#breadcrumb"},"inLanguage":"de-CH","potentialAction":[{"@type":"ReadAction","target":["https:\/\/mvknunningen.ch\/?p=571"]}]},{"@type":"ImageObject","inLanguage":"de-CH","@id":"https:\/\/mvknunningen.ch\/?p=571#primaryimage","url":"https:\/\/mvknunningen.ch\/wp-content\/uploads\/2026\/08\/Programm-2.-HJ-26.png","contentUrl":"https:\/\/mvknunningen.ch\/wp-content\/uploads\/2026\/08\/Programm-2.-HJ-26.png","width":1414,"height":2000},{"@type":"BreadcrumbList","@id":"https:\/\/mvknunningen.ch\/?p=571#breadcrumb","itemListElement":[{"@type":"ListItem","position":1,"name":"Startseite","item":"https:\/\/mvknunningen.ch\/"},{"@type":"ListItem","position":2,"name":"Unser Programm im 2. Halbjahr 2026"}]},{"@type":"WebSite","@id":"https:\/\/mvknunningen.ch\/#website","url":"https:\/\/mvknunningen.ch\/","name":"MVK","description":"","publisher":{"@id":"https:\/\/mvknunningen.ch\/#organization"},"potentialAction":[{"@type":"SearchAction","target":{"@type":"EntryPoint","urlTemplate":"https:\/\/mvknunningen.ch\/?s={search_term_string}"},"query-input":{"@type":"PropertyValueSpecification","valueRequired":true,"valueName":"search_term_string"}}],"inLanguage":"de-CH"},{"@type":"Organization","@id":"https:\/\/mvknunningen.ch\/#organization","name":"Musikverein Konkordia Nunningen","url":"https:\/\/mvknunningen.ch\/","logo":{"@type":"ImageObject","inLanguage":"de-CH","@id":"https:\/\/mvknunningen.ch\/#\/schema\/logo\/image\/","url":"https:\/\/mvknunningen.ch\/wp-content\/uploads\/2025\/05\/cropped-Logo_MVKN.png","contentUrl":"https:\/\/mvknunningen.ch\/wp-content\/uploads\/2025\/05\/cropped-Logo_MVKN.png","width":306,"height":80,"caption":"Musikverein Konkordia Nunningen"},"image":{"@id":"https:\/\/mvknunningen.ch\/#\/schema\/logo\/image\/"},"sameAs":["https:\/\/www.facebook.com\/mvknunningen"]},{"@type":"Person","@id":"https:\/\/mvknunningen.ch\/#\/schema\/person\/40aeab3f70abc0778611c3002ee36371","name":"hanggisara","url":"https:\/\/mvknunningen.ch\/?author=4"}]}},"jetpack_sharing_enabled":true,"jetpack_featured_media_url":"","_links":{"self":[{"href":"https:\/\/mvknunningen.ch\/index.php?rest_route=\/wp\/v2\/posts\/571","targetHints":{"allow":["GET"]}}],"collection":[{"href":"https:\/\/mvknunningen.ch\/index.php?rest_route=\/wp\/v2\/posts"}],"about":[{"href":"https:\/\/mvknunningen.ch\/index.php?rest_route=\/wp\/v2\/types\/post"}],"author":[{"embeddable":true,"href":"https:\/\/mvknunningen.ch\/index.php?rest_route=\/wp\/v2\/users\/4"}],"replies":[{"embeddable":true,"href":"https:\/\/mvknunningen.ch\/index.php?rest_route=%2Fwp%2Fv2%2Fcomments&post=571"}],"version-history":[{"count":2,"href":"https:\/\/mvknunningen.ch\/index.php?rest_route=\/wp\/v2\/posts\/571\/revisions"}],"predecessor-version":[{"id":574,"href":"https:\/\/mvknunningen.ch\/index.php?rest_route=\/wp\/v2\/posts\/571\/revisions\/574"}],"wp:attachment":[{"href":"https:\/\/mvknunningen.ch\/index.php?rest_route=%2Fwp%2Fv2%2Fmedia&parent=571"}],"wp:term":[{"taxonomy":"category","embeddable":true,"href":"https:\/\/mvknunningen.ch\/index.php?rest_route=%2Fwp%2Fv2%2Fcategories&post=571"},{"taxonomy":"post_tag","embeddable":true,"href":"https:\/\/mvknunningen.ch\/index.php?rest_route=%2Fwp%2Fv2%2Ftags&post=571"}],"curies":[{"name":"wp","href":"https:\/\/api.w.org\/{rel}","templated":true}]}}