{"id":576,"date":"2026-08-29T11:40:28","date_gmt":"2026-08-29T09:40:28","guid":{"rendered":"https:\/\/mvknunningen.ch\/?p=576"},"modified":"2026-08-29T11:40:31","modified_gmt":"2026-08-29T09:40:31","slug":"staendeli-im-dorf-2","status":"publish","type":"post","link":"https:\/\/mvknunningen.ch\/?p=576","title":{"rendered":"St\u00e4ndeli im Dorf"},"content":{"rendered":"\n<figure class=\"wp-block-image size-large\"><img loading=\"lazy\" decoding=\"async\" width=\"723\" height=\"1024\" src=\"https:\/\/mvknunningen.ch\/wp-content\/uploads\/2026\/08\/Staendeli-im-Dorf-2026-723x1024.jpeg\" alt=\"\" class=\"wp-image-577\" srcset=\"https:\/\/mvknunningen.ch\/wp-content\/uploads\/2026\/08\/Staendeli-im-Dorf-2026-723x1024.jpeg 723w, https:\/\/mvknunningen.ch\/wp-content\/uploads\/2026\/08\/Staendeli-im-Dorf-2026-212x300.jpeg 212w, https:\/\/mvknunningen.ch\/wp-content\/uploads\/2026\/08\/Staendeli-im-Dorf-2026-768x1087.jpeg 768w, https:\/\/mvknunningen.ch\/wp-content\/uploads\/2026\/08\/Staendeli-im-Dorf-2026.jpeg 1054w\" sizes=\"auto, (max-width: 723px) 100vw, 723px\" \/><\/figure>\n\n\n\n<p class=\"wp-block-paragraph\">Wir freuen uns auch dieses Jahr mit dem St\u00e4ndeli im Dorf der Nunninger Bev\u00f6lkerung eine musikalische Freude bereiten. <\/p>\n\n\n\n<p class=\"wp-block-paragraph\">Wir freuen uns, gemeinsam mit euch ein paar sch\u00f6ne Momente zu geniessen und beim Aperio gemeinsam anzustossen.<\/p>\n\n\n\n<p class=\"wp-block-paragraph\">Wir freuen uns auf euch!<\/p>\n\n\n\n<p class=\"wp-block-paragraph\"><\/p>\n","protected":false},"excerpt":{"rendered":"<p>Wir freuen uns auch dieses Jahr mit dem St\u00e4ndeli im Dorf der Nunninger Bev\u00f6lkerung eine musikalische Freude bereiten. Wir freuen uns, gemeinsam mit euch ein paar sch\u00f6ne Momente zu geniessen und beim Aperio gemeinsam anzustossen. Wir freuen uns auf euch!<\/p>\n","protected":false},"author":4,"featured_media":0,"comment_status":"closed","ping_status":"closed","sticky":false,"template":"","format":"standard","meta":{"_jetpack_newsletter_access":"","_jetpack_dont_email_post_to_subs":false,"_jetpack_newsletter_tier_id":0,"_jetpack_memberships_contains_paywalled_content":false,"_jetpack_feature_clip_id":0,"_jetpack_memberships_contains_paid_content":false,"footnotes":"","jetpack_post_was_ever_published":false},"categories":[3],"tags":[],"class_list":["post-576","post","type-post","status-publish","format-standard","hentry","category-startseite","entry"],"yoast_head":"<!-- This site is optimized with the Yoast SEO plugin v28.3 - https:\/\/yoast.com\/product\/yoast-seo-wordpress\/ -->\n<title>St\u00e4ndeli im Dorf - MVK Nunningen<\/title>\n<meta name=\"robots\" content=\"index, follow, max-snippet:-1, max-image-preview:large, max-video-preview:-1\" \/>\n<link rel=\"canonical\" href=\"https:\/\/mvknunningen.ch\/?p=576\" \/>\n<meta property=\"og:locale\" content=\"de_DE\" \/>\n<meta property=\"og:type\" content=\"article\" \/>\n<meta property=\"og:title\" content=\"St\u00e4ndeli im Dorf - MVK Nunningen\" \/>\n<meta property=\"og:description\" content=\"Wir freuen uns auch dieses Jahr mit dem St\u00e4ndeli im Dorf der Nunninger Bev\u00f6lkerung eine musikalische Freude bereiten. Wir freuen uns, gemeinsam mit euch ein paar sch\u00f6ne Momente zu geniessen und beim Aperio gemeinsam anzustossen. Wir freuen uns auf euch!\" \/>\n<meta property=\"og:url\" content=\"https:\/\/mvknunningen.ch\/?p=576\" \/>\n<meta property=\"og:site_name\" content=\"MVK Nunningen\" \/>\n<meta property=\"article:publisher\" content=\"https:\/\/www.facebook.com\/mvknunningen\" \/>\n<meta property=\"article:published_time\" content=\"2026-08-29T09:40:28+00:00\" \/>\n<meta property=\"article:modified_time\" content=\"2026-08-29T09:40:31+00:00\" \/>\n<meta property=\"og:image\" content=\"https:\/\/mvknunningen.ch\/wp-content\/uploads\/2026\/08\/Staendeli-im-Dorf-2026.jpeg\" \/>\n\t<meta property=\"og:image:width\" content=\"1054\" \/>\n\t<meta property=\"og:image:height\" content=\"1492\" \/>\n\t<meta property=\"og:image:type\" content=\"image\/jpeg\" \/>\n<meta name=\"author\" content=\"hanggisara\" \/>\n<meta name=\"twitter:card\" content=\"summary_large_image\" \/>\n<meta name=\"twitter:label1\" content=\"Geschrieben von\" \/>\n\t<meta name=\"twitter:data1\" content=\"hanggisara\" \/>\n\t<meta name=\"twitter:label2\" content=\"Gesch\u00e4tzte Lesezeit\" \/>\n\t<meta name=\"twitter:data2\" content=\"1\u00a0Minute\" \/>\n<script type=\"application\/ld+json\" class=\"yoast-schema-graph\">{\"@context\":\"https:\\\/\\\/schema.org\",\"@graph\":[{\"@type\":\"Article\",\"@id\":\"https:\\\/\\\/mvknunningen.ch\\\/?p=576#article\",\"isPartOf\":{\"@id\":\"https:\\\/\\\/mvknunningen.ch\\\/?p=576\"},\"author\":{\"name\":\"hanggisara\",\"@id\":\"https:\\\/\\\/mvknunningen.ch\\\/#\\\/schema\\\/person\\\/40aeab3f70abc0778611c3002ee36371\"},\"headline\":\"St\u00e4ndeli im Dorf\",\"datePublished\":\"2026-08-29T09:40:28+00:00\",\"dateModified\":\"2026-08-29T09:40:31+00:00\",\"mainEntityOfPage\":{\"@id\":\"https:\\\/\\\/mvknunningen.ch\\\/?p=576\"},\"wordCount\":47,\"publisher\":{\"@id\":\"https:\\\/\\\/mvknunningen.ch\\\/#organization\"},\"image\":{\"@id\":\"https:\\\/\\\/mvknunningen.ch\\\/?p=576#primaryimage\"},\"thumbnailUrl\":\"https:\\\/\\\/mvknunningen.ch\\\/wp-content\\\/uploads\\\/2026\\\/08\\\/Staendeli-im-Dorf-2026-723x1024.jpeg\",\"articleSection\":[\"Startseite\"],\"inLanguage\":\"de-CH\"},{\"@type\":\"WebPage\",\"@id\":\"https:\\\/\\\/mvknunningen.ch\\\/?p=576\",\"url\":\"https:\\\/\\\/mvknunningen.ch\\\/?p=576\",\"name\":\"St\u00e4ndeli im Dorf - MVK Nunningen\",\"isPartOf\":{\"@id\":\"https:\\\/\\\/mvknunningen.ch\\\/#website\"},\"primaryImageOfPage\":{\"@id\":\"https:\\\/\\\/mvknunningen.ch\\\/?p=576#primaryimage\"},\"image\":{\"@id\":\"https:\\\/\\\/mvknunningen.ch\\\/?p=576#primaryimage\"},\"thumbnailUrl\":\"https:\\\/\\\/mvknunningen.ch\\\/wp-content\\\/uploads\\\/2026\\\/08\\\/Staendeli-im-Dorf-2026-723x1024.jpeg\",\"datePublished\":\"2026-08-29T09:40:28+00:00\",\"dateModified\":\"2026-08-29T09:40:31+00:00\",\"breadcrumb\":{\"@id\":\"https:\\\/\\\/mvknunningen.ch\\\/?p=576#breadcrumb\"},\"inLanguage\":\"de-CH\",\"potentialAction\":[{\"@type\":\"ReadAction\",\"target\":[\"https:\\\/\\\/mvknunningen.ch\\\/?p=576\"]}]},{\"@type\":\"ImageObject\",\"inLanguage\":\"de-CH\",\"@id\":\"https:\\\/\\\/mvknunningen.ch\\\/?p=576#primaryimage\",\"url\":\"https:\\\/\\\/mvknunningen.ch\\\/wp-content\\\/uploads\\\/2026\\\/08\\\/Staendeli-im-Dorf-2026.jpeg\",\"contentUrl\":\"https:\\\/\\\/mvknunningen.ch\\\/wp-content\\\/uploads\\\/2026\\\/08\\\/Staendeli-im-Dorf-2026.jpeg\",\"width\":1054,\"height\":1492},{\"@type\":\"BreadcrumbList\",\"@id\":\"https:\\\/\\\/mvknunningen.ch\\\/?p=576#breadcrumb\",\"itemListElement\":[{\"@type\":\"ListItem\",\"position\":1,\"name\":\"Startseite\",\"item\":\"https:\\\/\\\/mvknunningen.ch\\\/\"},{\"@type\":\"ListItem\",\"position\":2,\"name\":\"St\u00e4ndeli im Dorf\"}]},{\"@type\":\"WebSite\",\"@id\":\"https:\\\/\\\/mvknunningen.ch\\\/#website\",\"url\":\"https:\\\/\\\/mvknunningen.ch\\\/\",\"name\":\"MVK\",\"description\":\"\",\"publisher\":{\"@id\":\"https:\\\/\\\/mvknunningen.ch\\\/#organization\"},\"potentialAction\":[{\"@type\":\"SearchAction\",\"target\":{\"@type\":\"EntryPoint\",\"urlTemplate\":\"https:\\\/\\\/mvknunningen.ch\\\/?s={search_term_string}\"},\"query-input\":{\"@type\":\"PropertyValueSpecification\",\"valueRequired\":true,\"valueName\":\"search_term_string\"}}],\"inLanguage\":\"de-CH\"},{\"@type\":\"Organization\",\"@id\":\"https:\\\/\\\/mvknunningen.ch\\\/#organization\",\"name\":\"Musikverein Konkordia Nunningen\",\"url\":\"https:\\\/\\\/mvknunningen.ch\\\/\",\"logo\":{\"@type\":\"ImageObject\",\"inLanguage\":\"de-CH\",\"@id\":\"https:\\\/\\\/mvknunningen.ch\\\/#\\\/schema\\\/logo\\\/image\\\/\",\"url\":\"https:\\\/\\\/mvknunningen.ch\\\/wp-content\\\/uploads\\\/2025\\\/05\\\/cropped-Logo_MVKN.png\",\"contentUrl\":\"https:\\\/\\\/mvknunningen.ch\\\/wp-content\\\/uploads\\\/2025\\\/05\\\/cropped-Logo_MVKN.png\",\"width\":306,\"height\":80,\"caption\":\"Musikverein Konkordia Nunningen\"},\"image\":{\"@id\":\"https:\\\/\\\/mvknunningen.ch\\\/#\\\/schema\\\/logo\\\/image\\\/\"},\"sameAs\":[\"https:\\\/\\\/www.facebook.com\\\/mvknunningen\"]},{\"@type\":\"Person\",\"@id\":\"https:\\\/\\\/mvknunningen.ch\\\/#\\\/schema\\\/person\\\/40aeab3f70abc0778611c3002ee36371\",\"name\":\"hanggisara\",\"url\":\"https:\\\/\\\/mvknunningen.ch\\\/?author=4\"}]}<\/script>\n<!-- \/ Yoast SEO plugin. -->","yoast_head_json":{"title":"St\u00e4ndeli im Dorf - MVK Nunningen","robots":{"index":"index","follow":"follow","max-snippet":"max-snippet:-1","max-image-preview":"max-image-preview:large","max-video-preview":"max-video-preview:-1"},"canonical":"https:\/\/mvknunningen.ch\/?p=576","og_locale":"de_DE","og_type":"article","og_title":"St\u00e4ndeli im Dorf - MVK Nunningen","og_description":"Wir freuen uns auch dieses Jahr mit dem St\u00e4ndeli im Dorf der Nunninger Bev\u00f6lkerung eine musikalische Freude bereiten. Wir freuen uns, gemeinsam mit euch ein paar sch\u00f6ne Momente zu geniessen und beim Aperio gemeinsam anzustossen. Wir freuen uns auf euch!","og_url":"https:\/\/mvknunningen.ch\/?p=576","og_site_name":"MVK Nunningen","article_publisher":"https:\/\/www.facebook.com\/mvknunningen","article_published_time":"2026-08-29T09:40:28+00:00","article_modified_time":"2026-08-29T09:40:31+00:00","og_image":[{"width":1054,"height":1492,"url":"https:\/\/mvknunningen.ch\/wp-content\/uploads\/2026\/08\/Staendeli-im-Dorf-2026.jpeg","type":"image\/jpeg"}],"author":"hanggisara","twitter_card":"summary_large_image","twitter_misc":{"Geschrieben von":"hanggisara","Gesch\u00e4tzte Lesezeit":"1\u00a0Minute"},"schema":{"@context":"https:\/\/schema.org","@graph":[{"@type":"Article","@id":"https:\/\/mvknunningen.ch\/?p=576#article","isPartOf":{"@id":"https:\/\/mvknunningen.ch\/?p=576"},"author":{"name":"hanggisara","@id":"https:\/\/mvknunningen.ch\/#\/schema\/person\/40aeab3f70abc0778611c3002ee36371"},"headline":"St\u00e4ndeli im Dorf","datePublished":"2026-08-29T09:40:28+00:00","dateModified":"2026-08-29T09:40:31+00:00","mainEntityOfPage":{"@id":"https:\/\/mvknunningen.ch\/?p=576"},"wordCount":47,"publisher":{"@id":"https:\/\/mvknunningen.ch\/#organization"},"image":{"@id":"https:\/\/mvknunningen.ch\/?p=576#primaryimage"},"thumbnailUrl":"https:\/\/mvknunningen.ch\/wp-content\/uploads\/2026\/08\/Staendeli-im-Dorf-2026-723x1024.jpeg","articleSection":["Startseite"],"inLanguage":"de-CH"},{"@type":"WebPage","@id":"https:\/\/mvknunningen.ch\/?p=576","url":"https:\/\/mvknunningen.ch\/?p=576","name":"St\u00e4ndeli im Dorf - MVK Nunningen","isPartOf":{"@id":"https:\/\/mvknunningen.ch\/#website"},"primaryImageOfPage":{"@id":"https:\/\/mvknunningen.ch\/?p=576#primaryimage"},"image":{"@id":"https:\/\/mvknunningen.ch\/?p=576#primaryimage"},"thumbnailUrl":"https:\/\/mvknunningen.ch\/wp-content\/uploads\/2026\/08\/Staendeli-im-Dorf-2026-723x1024.jpeg","datePublished":"2026-08-29T09:40:28+00:00","dateModified":"2026-08-29T09:40:31+00:00","breadcrumb":{"@id":"https:\/\/mvknunningen.ch\/?p=576#breadcrumb"},"inLanguage":"de-CH","potentialAction":[{"@type":"ReadAction","target":["https:\/\/mvknunningen.ch\/?p=576"]}]},{"@type":"ImageObject","inLanguage":"de-CH","@id":"https:\/\/mvknunningen.ch\/?p=576#primaryimage","url":"https:\/\/mvknunningen.ch\/wp-content\/uploads\/2026\/08\/Staendeli-im-Dorf-2026.jpeg","contentUrl":"https:\/\/mvknunningen.ch\/wp-content\/uploads\/2026\/08\/Staendeli-im-Dorf-2026.jpeg","width":1054,"height":1492},{"@type":"BreadcrumbList","@id":"https:\/\/mvknunningen.ch\/?p=576#breadcrumb","itemListElement":[{"@type":"ListItem","position":1,"name":"Startseite","item":"https:\/\/mvknunningen.ch\/"},{"@type":"ListItem","position":2,"name":"St\u00e4ndeli im Dorf"}]},{"@type":"WebSite","@id":"https:\/\/mvknunningen.ch\/#website","url":"https:\/\/mvknunningen.ch\/","name":"MVK","description":"","publisher":{"@id":"https:\/\/mvknunningen.ch\/#organization"},"potentialAction":[{"@type":"SearchAction","target":{"@type":"EntryPoint","urlTemplate":"https:\/\/mvknunningen.ch\/?s={search_term_string}"},"query-input":{"@type":"PropertyValueSpecification","valueRequired":true,"valueName":"search_term_string"}}],"inLanguage":"de-CH"},{"@type":"Organization","@id":"https:\/\/mvknunningen.ch\/#organization","name":"Musikverein Konkordia Nunningen","url":"https:\/\/mvknunningen.ch\/","logo":{"@type":"ImageObject","inLanguage":"de-CH","@id":"https:\/\/mvknunningen.ch\/#\/schema\/logo\/image\/","url":"https:\/\/mvknunningen.ch\/wp-content\/uploads\/2025\/05\/cropped-Logo_MVKN.png","contentUrl":"https:\/\/mvknunningen.ch\/wp-content\/uploads\/2025\/05\/cropped-Logo_MVKN.png","width":306,"height":80,"caption":"Musikverein Konkordia Nunningen"},"image":{"@id":"https:\/\/mvknunningen.ch\/#\/schema\/logo\/image\/"},"sameAs":["https:\/\/www.facebook.com\/mvknunningen"]},{"@type":"Person","@id":"https:\/\/mvknunningen.ch\/#\/schema\/person\/40aeab3f70abc0778611c3002ee36371","name":"hanggisara","url":"https:\/\/mvknunningen.ch\/?author=4"}]}},"jetpack_sharing_enabled":true,"jetpack_featured_media_url":"","_links":{"self":[{"href":"https:\/\/mvknunningen.ch\/index.php?rest_route=\/wp\/v2\/posts\/576","targetHints":{"allow":["GET"]}}],"collection":[{"href":"https:\/\/mvknunningen.ch\/index.php?rest_route=\/wp\/v2\/posts"}],"about":[{"href":"https:\/\/mvknunningen.ch\/index.php?rest_route=\/wp\/v2\/types\/post"}],"author":[{"embeddable":true,"href":"https:\/\/mvknunningen.ch\/index.php?rest_route=\/wp\/v2\/users\/4"}],"replies":[{"embeddable":true,"href":"https:\/\/mvknunningen.ch\/index.php?rest_route=%2Fwp%2Fv2%2Fcomments&post=576"}],"version-history":[{"count":1,"href":"https:\/\/mvknunningen.ch\/index.php?rest_route=\/wp\/v2\/posts\/576\/revisions"}],"predecessor-version":[{"id":578,"href":"https:\/\/mvknunningen.ch\/index.php?rest_route=\/wp\/v2\/posts\/576\/revisions\/578"}],"wp:attachment":[{"href":"https:\/\/mvknunningen.ch\/index.php?rest_route=%2Fwp%2Fv2%2Fmedia&parent=576"}],"wp:term":[{"taxonomy":"category","embeddable":true,"href":"https:\/\/mvknunningen.ch\/index.php?rest_route=%2Fwp%2Fv2%2Fcategories&post=576"},{"taxonomy":"post_tag","embeddable":true,"href":"https:\/\/mvknunningen.ch\/index.php?rest_route=%2Fwp%2Fv2%2Ftags&post=576"}],"curies":[{"name":"wp","href":"https:\/\/api.w.org\/{rel}","templated":true}]}}